{"id":30410,"date":"2017-01-25T14:01:50","date_gmt":"2017-01-25T20:01:50","guid":{"rendered":"https:\/\/radiowebmx.com\/nota\/?p=30410"},"modified":"2017-01-26T14:05:21","modified_gmt":"2017-01-26T20:05:21","slug":"coordinacion-federacion-estado-ofrece-resultados","status":"publish","type":"post","link":"https:\/\/radiowebmx.com\/nota\/coordinacion-federacion-estado-ofrece-resultados\/","title":{"rendered":"Coordinaci\u00f3n Federaci\u00f3n Estado ofrece resultados"},"content":{"rendered":"<p><img loading=\"lazy\" decoding=\"async\" src=\"https:\/\/radiowebmx.com\/nota\/wp-content\/uploads\/2017\/01\/IMG-20170124-WA0014.jpg\" alt=\"IMG-20170124-WA0014\" width=\"709\" height=\"531\" class=\"alignleft size-full wp-image-30411\" srcset=\"https:\/\/radiowebmx.com\/nota\/wp-content\/uploads\/2017\/01\/IMG-20170124-WA0014.jpg 709w, https:\/\/radiowebmx.com\/nota\/wp-content\/uploads\/2017\/01\/IMG-20170124-WA0014-300x225.jpg 300w\" sizes=\"auto, (max-width: 709px) 100vw, 709px\" \/><\/p>\n<p>Morelia Mich,. a 24 de enero del 2017.- En Michoac\u00e1n la coordinaci\u00f3n entre el Gobierno de la Rep\u00fablica y el Gobierno del Estado a trav\u00e9s de la Estrategia Nacional de Inclusi\u00f3n (ENI), permiti\u00f3 en el 2016 superar las metas obteniendo avances importantes en la cobertura de los programas sociales.<\/p>\n<p>Entre los resultados expuestos, en materia de educaci\u00f3n destaca la certificaci\u00f3n de m\u00e1s de 65 mil personas mayores de 16 a\u00f1os en primaria y secundaria. En seguridad social m\u00e1s de 250 mil estudiantes fueron afiliados al IMSS. As\u00ed como 130 mil beneficiarios de proyectos productivos.<\/p>\n<p>Durante la presentaci\u00f3n el subsecretario de Planeaci\u00f3n, Evaluaci\u00f3n y Desarrollo Regional de SEDESOL, Francisco Garc\u00eda Bejos expuso los mecanismos de coordinaci\u00f3n de la ENI para fortalecer la red de protecci\u00f3n social.<\/p>\n<p>En Michoac\u00e1n por parte del Gobierno de la Republica participaron los delegados de Prospera Sara Concepci\u00f3n Rodr\u00edguez Aburto, M\u00f3nica S\u00e1nchez Cachu del INAES, Juan Jos\u00e9 D\u00edaz Barriga  del INEA, Arturo Avalos Navarrete de SEDESOL, por su parte la secretaria de SEPSOL Miriam Tinoco, encabez\u00f3 al Gobierno del Estado.<\/p>\n<p>La secretaria de SEPSOL Miriam Tinoco, celebr\u00f3 la coordinaci\u00f3n interinstitucional y la transversalidad  que se ha dado  a trav\u00e9s de la ENI a trav\u00e9s de 25 acciones durante el 2016. Destac\u00f3 que 130 mil 561 personas lograron mejorar sus ingresos a trav\u00e9s de proyectos productivos.<\/p>\n<p>El Programa Especial de Certificaci\u00f3n (PEC) en Michoac\u00e1n, inform\u00f3 el delegado del INEA Juan Jos\u00e9 D\u00edaz Barriga, logr\u00f3 entregar 19 mil 799 certificados de secundaria y 45 mil 820 de primaria.  Destac\u00f3 la participaci\u00f3n de los beneficiarios de la Pensi\u00f3n para Adultos Mayores, Prospera, Liconsa entre otros.   <\/p>\n<p>La ENI agrupa el trabajo de las dependencias por indicadores. Representantes del IMSS, ISSSTE, Seguro Popular, Secretaria de Econom\u00eda, SEDATU, Liconsa, Diconsa, STPS, CEAC, SEDECO, DIF estatal, participaron en Michoac\u00e1n.<\/p>\n","protected":false},"excerpt":{"rendered":"<p>En Michoac\u00e1n la coordinaci\u00f3n entre el Gobierno de la Rep\u00fablica y el Gobierno del Estado a trav\u00e9s de la Estrategia Nacional de Inclusi\u00f3n (ENI), permiti\u00f3 en el 2016 superar las metas obteniendo avances importantes en la cobertura de los programas sociales.<\/p>\n","protected":false},"author":1,"featured_media":30411,"comment_status":"open","ping_status":"open","sticky":false,"template":"","format":"standard","meta":{"footnotes":""},"categories":[14,3],"tags":[],"class_list":["post-30410","post","type-post","status-publish","format-standard","has-post-thumbnail","hentry","category-destacadas","category-gobierno-del-estado-de-michoacan"],"_links":{"self":[{"href":"https:\/\/radiowebmx.com\/nota\/wp-json\/wp\/v2\/posts\/30410","targetHints":{"allow":["GET"]}}],"collection":[{"href":"https:\/\/radiowebmx.com\/nota\/wp-json\/wp\/v2\/posts"}],"about":[{"href":"https:\/\/radiowebmx.com\/nota\/wp-json\/wp\/v2\/types\/post"}],"author":[{"embeddable":true,"href":"https:\/\/radiowebmx.com\/nota\/wp-json\/wp\/v2\/users\/1"}],"replies":[{"embeddable":true,"href":"https:\/\/radiowebmx.com\/nota\/wp-json\/wp\/v2\/comments?post=30410"}],"version-history":[{"count":1,"href":"https:\/\/radiowebmx.com\/nota\/wp-json\/wp\/v2\/posts\/30410\/revisions"}],"predecessor-version":[{"id":30412,"href":"https:\/\/radiowebmx.com\/nota\/wp-json\/wp\/v2\/posts\/30410\/revisions\/30412"}],"wp:featuredmedia":[{"embeddable":true,"href":"https:\/\/radiowebmx.com\/nota\/wp-json\/wp\/v2\/media\/30411"}],"wp:attachment":[{"href":"https:\/\/radiowebmx.com\/nota\/wp-json\/wp\/v2\/media?parent=30410"}],"wp:term":[{"taxonomy":"category","embeddable":true,"href":"https:\/\/radiowebmx.com\/nota\/wp-json\/wp\/v2\/categories?post=30410"},{"taxonomy":"post_tag","embeddable":true,"href":"https:\/\/radiowebmx.com\/nota\/wp-json\/wp\/v2\/tags?post=30410"}],"curies":[{"name":"wp","href":"https:\/\/api.w.org\/{rel}","templated":true}]}}