{"id":30402,"date":"2017-01-26T13:49:39","date_gmt":"2017-01-26T19:49:39","guid":{"rendered":"https:\/\/radiowebmx.com\/nota\/?p=30402"},"modified":"2017-01-26T13:49:39","modified_gmt":"2017-01-26T19:49:39","slug":"es-momento-de-defender-la-soberania-y-a-los-mexicanos-en-nuestra-relacion-con-donald-trump-rocio-pineda-gochi","status":"publish","type":"post","link":"https:\/\/radiowebmx.com\/nota\/es-momento-de-defender-la-soberania-y-a-los-mexicanos-en-nuestra-relacion-con-donald-trump-rocio-pineda-gochi\/","title":{"rendered":"Es momento de defender la soberan\u00eda y a los mexicanos, en nuestra relaci\u00f3n con Donald Trump: Roc\u00edo Pineda Gochi."},"content":{"rendered":"<p><img loading=\"lazy\" decoding=\"async\" src=\"https:\/\/radiowebmx.com\/nota\/wp-content\/uploads\/2017\/01\/Senado-1.jpg\" alt=\"Senado 1\" width=\"709\" height=\"709\" class=\"alignleft size-full wp-image-30404\" srcset=\"https:\/\/radiowebmx.com\/nota\/wp-content\/uploads\/2017\/01\/Senado-1.jpg 709w, https:\/\/radiowebmx.com\/nota\/wp-content\/uploads\/2017\/01\/Senado-1-150x150.jpg 150w, https:\/\/radiowebmx.com\/nota\/wp-content\/uploads\/2017\/01\/Senado-1-300x300.jpg 300w, https:\/\/radiowebmx.com\/nota\/wp-content\/uploads\/2017\/01\/Senado-1-80x80.jpg 80w, https:\/\/radiowebmx.com\/nota\/wp-content\/uploads\/2017\/01\/Senado-1-200x200.jpg 200w\" sizes=\"auto, (max-width: 709px) 100vw, 709px\" \/><\/p>\n<p>Ciudad de M\u00e9xico, a 26 de enero de 2017. La Senadora de la Rep\u00fablica por Michoac\u00e1n, la Pri\u00edsta, Roc\u00edo Pineda Gochi, celebra y apoya la determinaci\u00f3n del Presidente de M\u00e9xico, Enrique Pe\u00f1a Nieto, de cancelar la reuni\u00f3n de nuestro pa\u00eds con el gobierno norteamericano dirigido por el Republicano, Donald Trump, pues no existen condiciones de respeto y justicia para renegociar el Tratado de Libre Comercio de Am\u00e9rica del Norte (TLCAN).<br \/>\n\u201cEste es el momento de que los mexicanos mostremos la casta y que somos un pa\u00eds soberano, por ello suscribo la determinaci\u00f3n del gobierno de la Rep\u00fablica de no sentarse con el gobierno del Presidente Donald Trump, en una mesa de renegociaci\u00f3n del TLCAN, si ellos no comprenden que M\u00e9xico no es un pa\u00eds que regatea apoyo comercial\u201d, asegur\u00f3 la Senadora.<br \/>\nPara la Senadora Pineda Gochi \u201choy, las condiciones de nuestro pa\u00eds son muy favorables para explorar otras posibilidades de mercado, m\u00e1s all\u00e1 del que representa Estados Unidos de Am\u00e9rica, y si bien desde el Senado de la Rep\u00fablica seguiremos insistiendo en llevar una buena relaci\u00f3n diplom\u00e1tica con nuestros vecinos norteamericanos, ellos deben saber que no estamos dispuestos a ceder ante escenarios injustos, de desventaja y poco favorables para los mexicanos\u201d. <\/p>\n","protected":false},"excerpt":{"rendered":"<p>La Senadora de la Rep\u00fablica por Michoac\u00e1n, la Pri\u00edsta, Roc\u00edo Pineda Gochi, celebra y apoya la determinaci\u00f3n del Presidente de M\u00e9xico, Enrique Pe\u00f1a Nieto, de cancelar la reuni\u00f3n de nuestro pa\u00eds con el gobierno norteamericano dirigido por el Republicano, Donald Trump, pues no existen condiciones de respeto y justicia para renegociar el Tratado de Libre Comercio de Am\u00e9rica del Norte (TLCAN).<\/p>\n","protected":false},"author":1,"featured_media":30404,"comment_status":"open","ping_status":"open","sticky":false,"template":"","format":"standard","meta":{"footnotes":""},"categories":[14,11,12],"tags":[],"class_list":["post-30402","post","type-post","status-publish","format-standard","has-post-thumbnail","hentry","category-destacadas","category-partidos-politicos","category-pri"],"_links":{"self":[{"href":"https:\/\/radiowebmx.com\/nota\/wp-json\/wp\/v2\/posts\/30402","targetHints":{"allow":["GET"]}}],"collection":[{"href":"https:\/\/radiowebmx.com\/nota\/wp-json\/wp\/v2\/posts"}],"about":[{"href":"https:\/\/radiowebmx.com\/nota\/wp-json\/wp\/v2\/types\/post"}],"author":[{"embeddable":true,"href":"https:\/\/radiowebmx.com\/nota\/wp-json\/wp\/v2\/users\/1"}],"replies":[{"embeddable":true,"href":"https:\/\/radiowebmx.com\/nota\/wp-json\/wp\/v2\/comments?post=30402"}],"version-history":[{"count":1,"href":"https:\/\/radiowebmx.com\/nota\/wp-json\/wp\/v2\/posts\/30402\/revisions"}],"predecessor-version":[{"id":30405,"href":"https:\/\/radiowebmx.com\/nota\/wp-json\/wp\/v2\/posts\/30402\/revisions\/30405"}],"wp:featuredmedia":[{"embeddable":true,"href":"https:\/\/radiowebmx.com\/nota\/wp-json\/wp\/v2\/media\/30404"}],"wp:attachment":[{"href":"https:\/\/radiowebmx.com\/nota\/wp-json\/wp\/v2\/media?parent=30402"}],"wp:term":[{"taxonomy":"category","embeddable":true,"href":"https:\/\/radiowebmx.com\/nota\/wp-json\/wp\/v2\/categories?post=30402"},{"taxonomy":"post_tag","embeddable":true,"href":"https:\/\/radiowebmx.com\/nota\/wp-json\/wp\/v2\/tags?post=30402"}],"curies":[{"name":"wp","href":"https:\/\/api.w.org\/{rel}","templated":true}]}}