{"id":30398,"date":"2017-01-26T13:08:47","date_gmt":"2017-01-26T19:08:47","guid":{"rendered":"https:\/\/radiowebmx.com\/nota\/?p=30398"},"modified":"2017-01-26T13:08:47","modified_gmt":"2017-01-26T19:08:47","slug":"no-a-negociaciones-de-rodillas-con-estados-unidos-silvano-aureoles","status":"publish","type":"post","link":"https:\/\/radiowebmx.com\/nota\/no-a-negociaciones-de-rodillas-con-estados-unidos-silvano-aureoles\/","title":{"rendered":"No a negociaciones de rodillas con Estados Unidos: Silvano Aureoles"},"content":{"rendered":"<p><img loading=\"lazy\" decoding=\"async\" src=\"https:\/\/radiowebmx.com\/nota\/wp-content\/uploads\/2017\/01\/6c4e9a90-5abd-4a96-9678-213a9fcf320b.jpeg\" alt=\"6c4e9a90-5abd-4a96-9678-213a9fcf320b\" width=\"709\" height=\"472\" class=\"alignleft size-full wp-image-30399\" srcset=\"https:\/\/radiowebmx.com\/nota\/wp-content\/uploads\/2017\/01\/6c4e9a90-5abd-4a96-9678-213a9fcf320b.jpeg 709w, https:\/\/radiowebmx.com\/nota\/wp-content\/uploads\/2017\/01\/6c4e9a90-5abd-4a96-9678-213a9fcf320b-300x200.jpeg 300w\" sizes=\"auto, (max-width: 709px) 100vw, 709px\" \/><\/p>\n<p><img loading=\"lazy\" decoding=\"async\" src=\"https:\/\/radiowebmx.com\/nota\/wp-content\/uploads\/2017\/01\/cf6b5248-0eff-415f-8fa3-3acca8f9b495.jpeg\" alt=\"cf6b5248-0eff-415f-8fa3-3acca8f9b495\" width=\"709\" height=\"472\" class=\"alignleft size-full wp-image-30400\" srcset=\"https:\/\/radiowebmx.com\/nota\/wp-content\/uploads\/2017\/01\/cf6b5248-0eff-415f-8fa3-3acca8f9b495.jpeg 709w, https:\/\/radiowebmx.com\/nota\/wp-content\/uploads\/2017\/01\/cf6b5248-0eff-415f-8fa3-3acca8f9b495-300x200.jpeg 300w\" sizes=\"auto, (max-width: 709px) 100vw, 709px\" \/><\/p>\n<p>Morelia, Michoac\u00e1n, a 26 de enero de 2017.- El Gobierno mexicano debe oponerse por completo a la construcci\u00f3n de un muro fronterizo entre M\u00e9xico y Estados Unidos, sostuvo el Gobernador Constitucional Silvano Aureoles Conejo en el marco de la inauguraci\u00f3n del Foro Internacional &#8220;Michoac\u00e1n Gobernanza y Desarrollo Democr\u00e1tico&#8221;.<\/p>\n<p>Afirm\u00f3 que ante ese desaf\u00edo la administraci\u00f3n del Presidente Enrique Pe\u00f1a Nieto debe hacer uso de todas las herramientas jur\u00eddicas, pol\u00edticas, ambientales, sociales, culturales y regionales para detener su materializaci\u00f3n.<\/p>\n<p>Aureoles Conejo tambi\u00e9n se\u00f1al\u00f3 que, como la mayor\u00eda de los mexicanos, est\u00e1 convencido que fue correcta la decisi\u00f3n del Presidente Pe\u00f1a Nieto para no asistir al encuentro que estaba programado con su hom\u00f3logo Donald J. Trump el pr\u00f3ximo 31 de enero.<\/p>\n<p>&#8220;No debe exponerse a una nueva emboscada, a una humillaci\u00f3n a nuestra Naci\u00f3n. No a las ofensas, no a reuniones condicionadas, no a las amenazas y no a negociaciones a rodillas&#8221;, expres\u00f3.<\/p>\n<p>Ante ello, el mandatario estatal refiri\u00f3 que existen nuevas amenazas que se ciernen sobre el pa\u00eds con la transformaci\u00f3n que se avizora en la relaci\u00f3n bilateral entre M\u00e9xico -Estados Unidos, por lo que para encararlas es indispensable la gobernanza.<\/p>\n<p>La construcci\u00f3n de un muro fronterizo entre M\u00e9xico y Estados Unidos, deportaciones y revisiones de tratados comerciales, se ha convertido en una fuente de incertidumbre y divisi\u00f3n global. \u201cNo debemos tolerar ni justificar faltas de respeto a nuestra Naci\u00f3n. El respeto y la dignidad no son negociables\u201d, enfatiz\u00f3.<\/p>\n<p>Consider\u00f3 que la construcci\u00f3n de un muro fronterizo es un acto hostil, que env\u00eda un mensaje terrible al mundo; es una se\u00f1al de rechazo no s\u00f3lo contra M\u00e9xico, sino contra toda Am\u00e9rica Latina.<\/p>\n<p>Ante ello, el mandatario estatal se\u00f1al\u00f3 que hoy m\u00e1s que nunca se requiere de unidad y fortaleza del mercado interno para demostrar la fuerza de M\u00e9xico.<\/p>\n<p>De ah\u00ed la importancia de la gobernanza, destac\u00f3 Aureoles Conejo, en temas internacionales, donde estado y sociedad civil, con mecanismos t\u00e9cnicos y pr\u00e1cticos, conlleven las soluciones a temas globales.<\/p>\n<p>Respecto al Foro Internacional precis\u00f3 que este encuentro permitir\u00e1 escuchar y aprender de valiosas experiencias y propuestas de gente con vasta trayectoria en diferentes \u00e1mbitos de la vida p\u00fablica.<\/p>\n<p>El subsecretario de Prevenci\u00f3n y Participaci\u00f3n Ciudadana de la Secretar\u00eda de Gobernaci\u00f3n, Alberto Begn\u00e9 Guerra, destac\u00f3 que el Foro Internacional cobra especial sentido en el que M\u00e9xico, dentro de la pluralidad, requiere de especial unidad.<\/p>\n<p>&#8220;Enfrentamos un desaf\u00edo internacional en la relaci\u00f3n bilateral con Estados Unidos que exige que nuestra democracia sea m\u00e1s fuerte\u201d, precis\u00f3 el funcionario federal.<\/p>\n<p>El secretario de Gobierno, Adri\u00e1n L\u00f3pez Sol\u00eds explic\u00f3 que el Foro Internacional Michoac\u00e1n \u201cGobernanza y Desarrollo Democr\u00e1tico\u201d, se enmarca en los festejos del Centenario de la Constituci\u00f3n Pol\u00edtica de los Estados Unidos Mexicanos.<\/p>\n<p>De igual manera, L\u00f3pez Sol\u00eds refiri\u00f3 que este espacio es necesario ante la coyuntura por la que atraviesa el pa\u00eds.<\/p>\n<p>Mientras que el presidente del Instituto de Administraci\u00f3n P\u00fablica del Estado de Michoac\u00e1n, Raymundo Puebla Calder\u00f3n se\u00f1al\u00f3 que el Foro Internacional ser\u00e1 un espacio de reflexi\u00f3n para un debate propositivo.<\/p>\n<p>Es importante destacar que el Foro Internacional &#8220;Michoac\u00e1n Gobernanza y Desarrollo Democr\u00e1tico&#8221; se realizar\u00e1 durante este jueves y viernes, en el que participar\u00e1n ponentes de reconocido prestigio nacional e internacional.<\/p>\n<p>En el evento, el mandatario estatal entreg\u00f3 un reconocimiento al presidente de la Fundaci\u00f3n para la Democracia, Cuauht\u00e9moc C\u00e1rdenas Sol\u00f3rzano, esto luego de presentar su conferencia magistral dentro de la Mesa \u201cLa Constituci\u00f3n Pol\u00edtica de los Estados Unidos Mexicanos a un siglo de su promulgaci\u00f3n\u201d.<\/p>\n<p>Estuvieron presentes el presidente de la Mesa Directiva del Congreso del Estado, Pascual Sigala P\u00e1ez; el presidente del Supremo Tribunal de Justicia y del Consejo del Poder Judicial, Marco Antonio Flores Negrete; el rector de la Universidad Michoacana de San Nicol\u00e1s de Hidalgo, Medardo Serna Gonz\u00e1lez; el comandante de la 21 zona militar, Jos\u00e9 Francisco Morales Cazares; el representante de la D\u00e9cima Zona Naval Militar, Catarino Hern\u00e1ndez Tapia; el ex presidente de la Rep\u00fablica de Costa Rica, Miguel \u00c1ngel  Rodr\u00edguez Echeverr\u00eda; el subsecretario de Reforma Pol\u00edtica de Buenos Aires, Argentina, Hern\u00e1n Charosky; el director del Instituto Interamericano de Derechos Humanos de la Rep\u00fablica de Costa Rica, Jos\u00e9 Thompson Jim\u00e9nez, as\u00ed como diversas autoridades estatales y municipales.<\/p>\n","protected":false},"excerpt":{"rendered":"<p>El Gobierno mexicano debe oponerse por completo a la construcci\u00f3n de un muro fronterizo entre M\u00e9xico y Estados Unidos, sostuvo el Gobernador Constitucional Silvano Aureoles Conejo en el marco de la inauguraci\u00f3n del Foro Internacional &#8220;Michoac\u00e1n Gobernanza y Desarrollo Democr\u00e1tico&#8221;.<\/p>\n","protected":false},"author":1,"featured_media":30399,"comment_status":"open","ping_status":"open","sticky":false,"template":"","format":"standard","meta":{"footnotes":""},"categories":[14,3],"tags":[],"class_list":["post-30398","post","type-post","status-publish","format-standard","has-post-thumbnail","hentry","category-destacadas","category-gobierno-del-estado-de-michoacan"],"_links":{"self":[{"href":"https:\/\/radiowebmx.com\/nota\/wp-json\/wp\/v2\/posts\/30398","targetHints":{"allow":["GET"]}}],"collection":[{"href":"https:\/\/radiowebmx.com\/nota\/wp-json\/wp\/v2\/posts"}],"about":[{"href":"https:\/\/radiowebmx.com\/nota\/wp-json\/wp\/v2\/types\/post"}],"author":[{"embeddable":true,"href":"https:\/\/radiowebmx.com\/nota\/wp-json\/wp\/v2\/users\/1"}],"replies":[{"embeddable":true,"href":"https:\/\/radiowebmx.com\/nota\/wp-json\/wp\/v2\/comments?post=30398"}],"version-history":[{"count":1,"href":"https:\/\/radiowebmx.com\/nota\/wp-json\/wp\/v2\/posts\/30398\/revisions"}],"predecessor-version":[{"id":30401,"href":"https:\/\/radiowebmx.com\/nota\/wp-json\/wp\/v2\/posts\/30398\/revisions\/30401"}],"wp:featuredmedia":[{"embeddable":true,"href":"https:\/\/radiowebmx.com\/nota\/wp-json\/wp\/v2\/media\/30399"}],"wp:attachment":[{"href":"https:\/\/radiowebmx.com\/nota\/wp-json\/wp\/v2\/media?parent=30398"}],"wp:term":[{"taxonomy":"category","embeddable":true,"href":"https:\/\/radiowebmx.com\/nota\/wp-json\/wp\/v2\/categories?post=30398"},{"taxonomy":"post_tag","embeddable":true,"href":"https:\/\/radiowebmx.com\/nota\/wp-json\/wp\/v2\/tags?post=30398"}],"curies":[{"name":"wp","href":"https:\/\/api.w.org\/{rel}","templated":true}]}}