{"id":30394,"date":"2017-01-26T12:51:04","date_gmt":"2017-01-26T18:51:04","guid":{"rendered":"https:\/\/radiowebmx.com\/nota\/?p=30394"},"modified":"2017-01-26T12:51:04","modified_gmt":"2017-01-26T18:51:04","slug":"alfonso-martinez-dio-la-bienvenida-al-foro-internacional-michoacan-gobernanza-y-desarrollo-democratico","status":"publish","type":"post","link":"https:\/\/radiowebmx.com\/nota\/alfonso-martinez-dio-la-bienvenida-al-foro-internacional-michoacan-gobernanza-y-desarrollo-democratico\/","title":{"rendered":"Alfonso Mart\u00ednez dio la bienvenida al Foro Internacional Michoac\u00e1n \u201cGobernanza y Desarrollo Democr\u00e1tico\u201d"},"content":{"rendered":"<p><img loading=\"lazy\" decoding=\"async\" src=\"https:\/\/radiowebmx.com\/nota\/wp-content\/uploads\/2017\/01\/aace3528-ec88-4b42-bf75-c393b18e3668.jpeg\" alt=\"aace3528-ec88-4b42-bf75-c393b18e3668\" width=\"709\" height=\"472\" class=\"alignleft size-full wp-image-30395\" srcset=\"https:\/\/radiowebmx.com\/nota\/wp-content\/uploads\/2017\/01\/aace3528-ec88-4b42-bf75-c393b18e3668.jpeg 709w, https:\/\/radiowebmx.com\/nota\/wp-content\/uploads\/2017\/01\/aace3528-ec88-4b42-bf75-c393b18e3668-300x200.jpeg 300w\" sizes=\"auto, (max-width: 709px) 100vw, 709px\" \/><\/p>\n<p>Morelia es sede del Foro Internacional Michoac\u00e1n \u201cGobernanza y Desarrollo Democr\u00e1tico\u201d el cual a trav\u00e9s de la participaci\u00f3n de diversos actores pol\u00edticos nacionales e internacionales, busca alinear ideas para la mejorar las pol\u00edticas de gobernabilidad del pa\u00eds.<\/p>\n<p>Con la presencia del Gobernador de Michoac\u00e1n, Silvano Aureoles Conejo; el Sub Secretario de Prevenci\u00f3n y Participaci\u00f3n Ciudadana de la Secretar\u00eda de Gobernaci\u00f3n, Alberto Bengn\u00e9 Guerra y Adri\u00e1n L\u00f3pez Sol\u00eds, Secretario de Gobierno de Michoac\u00e1n, el Presidente Municipal de Morelia, Alfonso Mart\u00ednez Alc\u00e1zar, dio la bienvenida a los asistentes nacionales e internacionales.<\/p>\n<p>Record\u00f3 que este evento es llevado a cabo en el marco del Centenario de la Constituci\u00f3n Pol\u00edtica de los Estados Unidos Mexicanos, el cual dejar\u00e1 grandes aportaciones y experiencias de sus participantes en las diversas mesas de trabajo a lo largo de dos d\u00edas, con el firme prop\u00f3sito de alinear pol\u00edticas p\u00fablicas que mejoren los planes de Gobierno de cara a los retos que enfrenta nuestra naci\u00f3n.<\/p>\n<p>Puntualiz\u00f3 que en Morelia la poblaci\u00f3n est\u00e1 acostumbrada a las transformaciones y a adoptar acciones emanadas del sentir social, \u201cnuestra esencia nos obliga a transitar en la vanguardia y por ello tenemos las m\u00e1s altas expectativas de los resultados que obtendremos\u201d, subray\u00f3.<\/p>\n<p>Por su parte el Sub Secretario de Prevenci\u00f3n y Participaci\u00f3n Ciudadana Federal, Alberto Begn\u00e9 Guerra, dijo que este evento es un ejercicio de revisi\u00f3n en la b\u00fasqueda del desarrollo de la democracia poniendo a los Gobiernos al d\u00eda para encarar los desaf\u00edos internacionales presentes.<\/p>\n<p>En su participaci\u00f3n el Gobernador del Estado, Silvano Aureoles Conejo, dijo que en la actualidad nuestra sociedad ha sido testigo de cambios complejos y de gran calado a nivel pol\u00edtico y social, para lo cual resulta preponderante escuchar e incorporar experiencias e ideas provenientes de diversas latitudes.<\/p>\n<p>Cabe mencionar, que lo largo de sus dos d\u00edas de duraci\u00f3n, el foro contar\u00e1 con ponentes como el Jefe de la Comuna Moreliana, Alfonso Mart\u00ednez; el Ingeniero, Cuauht\u00e9moc C\u00e1rdenas; Miguel \u00c1ngel Rodr\u00edguez Echeverr\u00eda, Ex Presidente de la Rep\u00fablica de Costa Rica; Jos\u00e9 Thompson, Director del Instituto Interamericano de Derechos Humanos de la Rep\u00fablica de Costa Rica, entre muchos otros.<\/p>\n","protected":false},"excerpt":{"rendered":"<p>Morelia es sede del Foro Internacional Michoac\u00e1n \u201cGobernanza y Desarrollo Democr\u00e1tico\u201d el cual a trav\u00e9s de la participaci\u00f3n de diversos actores pol\u00edticos nacionales e internacionales, busca alinear ideas para la mejorar las pol\u00edticas de gobernabilidad del pa\u00eds.<\/p>\n","protected":false},"author":1,"featured_media":30395,"comment_status":"open","ping_status":"open","sticky":false,"template":"","format":"standard","meta":{"footnotes":""},"categories":[14,9],"tags":[],"class_list":["post-30394","post","type-post","status-publish","format-standard","has-post-thumbnail","hentry","category-destacadas","category-morelia"],"_links":{"self":[{"href":"https:\/\/radiowebmx.com\/nota\/wp-json\/wp\/v2\/posts\/30394","targetHints":{"allow":["GET"]}}],"collection":[{"href":"https:\/\/radiowebmx.com\/nota\/wp-json\/wp\/v2\/posts"}],"about":[{"href":"https:\/\/radiowebmx.com\/nota\/wp-json\/wp\/v2\/types\/post"}],"author":[{"embeddable":true,"href":"https:\/\/radiowebmx.com\/nota\/wp-json\/wp\/v2\/users\/1"}],"replies":[{"embeddable":true,"href":"https:\/\/radiowebmx.com\/nota\/wp-json\/wp\/v2\/comments?post=30394"}],"version-history":[{"count":1,"href":"https:\/\/radiowebmx.com\/nota\/wp-json\/wp\/v2\/posts\/30394\/revisions"}],"predecessor-version":[{"id":30396,"href":"https:\/\/radiowebmx.com\/nota\/wp-json\/wp\/v2\/posts\/30394\/revisions\/30396"}],"wp:featuredmedia":[{"embeddable":true,"href":"https:\/\/radiowebmx.com\/nota\/wp-json\/wp\/v2\/media\/30395"}],"wp:attachment":[{"href":"https:\/\/radiowebmx.com\/nota\/wp-json\/wp\/v2\/media?parent=30394"}],"wp:term":[{"taxonomy":"category","embeddable":true,"href":"https:\/\/radiowebmx.com\/nota\/wp-json\/wp\/v2\/categories?post=30394"},{"taxonomy":"post_tag","embeddable":true,"href":"https:\/\/radiowebmx.com\/nota\/wp-json\/wp\/v2\/tags?post=30394"}],"curies":[{"name":"wp","href":"https:\/\/api.w.org\/{rel}","templated":true}]}}