{"id":30388,"date":"2017-01-26T12:25:43","date_gmt":"2017-01-26T18:25:43","guid":{"rendered":"https:\/\/radiowebmx.com\/nota\/?p=30388"},"modified":"2017-01-26T12:25:43","modified_gmt":"2017-01-26T18:25:43","slug":"macarena-chavez-pugna-por-la-exhaustiva-difusion-de-los-dh-de-migrantes","status":"publish","type":"post","link":"https:\/\/radiowebmx.com\/nota\/macarena-chavez-pugna-por-la-exhaustiva-difusion-de-los-dh-de-migrantes\/","title":{"rendered":"Macarena Ch\u00e1vez pugna por la exhaustiva difusi\u00f3n de los DH de migrantes"},"content":{"rendered":"<p><img loading=\"lazy\" decoding=\"async\" src=\"https:\/\/radiowebmx.com\/nota\/wp-content\/uploads\/2017\/01\/thumbnail_094-02.jpg\" alt=\"thumbnail_094-02\" width=\"709\" height=\"609\" class=\"alignleft size-full wp-image-30389\" srcset=\"https:\/\/radiowebmx.com\/nota\/wp-content\/uploads\/2017\/01\/thumbnail_094-02.jpg 709w, https:\/\/radiowebmx.com\/nota\/wp-content\/uploads\/2017\/01\/thumbnail_094-02-300x258.jpg 300w\" sizes=\"auto, (max-width: 709px) 100vw, 709px\" \/><\/p>\n<p>Morelia; Michoac\u00e1n, 25 de enero de 2017.- Ante el gran riesgo de que con la pol\u00edtica proteccionista del nuevo gobierno de Estados Unidos se incurra en la violaci\u00f3n de los derechos humanos de connacionales, la diputada Macarena Ch\u00e1vez Flores, presidenta de la Comisi\u00f3n de Migraci\u00f3n en el Congreso del Estado, pugn\u00f3 por la exhaustiva difusi\u00f3n de los derechos que poseen los migrantes michoacanos en dicho pa\u00eds, ello a partir de los municipios que son el primer contacto con su naci\u00f3n con el que cuentan.<\/p>\n<p>En el marco de la Reuni\u00f3n de Autoridades Migrantes y Electorales con los 113 Ayuntamientos del Estado de Michoac\u00e1n, la legisladora del Partido Acci\u00f3n Nacional (PAN) refiri\u00f3 que de acuerdo con autoridades municipales se han registrado algunos retornos de paisanos motivados por el p\u00e1nico y la desinformaci\u00f3n.<\/p>\n<p>\u201cDe ah\u00ed, la importancia de que nuestros migrantes michoacanos se acerquen a las oficinas de Michoac\u00e1n en Estados Unidos as\u00ed como a las plataformas de internet institucionales para que no permitan atropellos a sus derechos al ignorar cu\u00e1les son estos\u201d, recalc\u00f3.<\/p>\n<p>Y es que, explic\u00f3, habr\u00e1 que recordar que existen m\u00e1s de 37 millones de mexicanos all\u00e1, incluyendo a aquellos paisanos de segunda y tercera generaci\u00f3n, as\u00ed como alrededor de 60 mil ni\u00f1os que arribaron a ese pa\u00eds con sus padres, los cuales por supuesto cuentan con un gran n\u00famero de derechos.<\/p>\n<p>Como parte de la informaci\u00f3n que es vital que conozca este sector de la poblaci\u00f3n establecida en el vecino pa\u00eds del norte, Ch\u00e1vez Flores resalt\u00f3 el que vivir indocumentado en Estados Unidos es una falta administrativa pero no es un delito; o el que conozcan que no pueden ser detenidos s\u00f3lo por su apariencia o por no saber hablar ingl\u00e9s, y en caso de ser arrestados tienen derecho a permanecer en silencio frente a cualquier agente de la ley o de inmigraci\u00f3n.<\/p>\n<p>Asimismo, consider\u00f3 fundamental que tengan conocimiento del protocolo adecuado en caso de ser arrestados por Inmigraci\u00f3n, como el pedir una audiencia ante un juez de inmigraci\u00f3n y no firmar ning\u00fan documento sin la asesor\u00eda de un abogado, entre otros.<\/p>\n","protected":false},"excerpt":{"rendered":"<p>Ante el gran riesgo de que con la pol\u00edtica proteccionista del nuevo gobierno de Estados Unidos se incurra en la violaci\u00f3n de los derechos humanos de connacionales, la diputada Macarena Ch\u00e1vez Flores, presidenta de la Comisi\u00f3n de Migraci\u00f3n en el Congreso del Estado, pugn\u00f3 por la exhaustiva difusi\u00f3n de los derechos que poseen los migrantes michoacanos en dicho pa\u00eds<\/p>\n","protected":false},"author":1,"featured_media":30389,"comment_status":"open","ping_status":"open","sticky":false,"template":"","format":"standard","meta":{"footnotes":""},"categories":[6,14,8],"tags":[],"class_list":["post-30388","post","type-post","status-publish","format-standard","has-post-thumbnail","hentry","category-congreso-del-estado","category-destacadas","category-grupo-parlamentario-del-pan"],"_links":{"self":[{"href":"https:\/\/radiowebmx.com\/nota\/wp-json\/wp\/v2\/posts\/30388","targetHints":{"allow":["GET"]}}],"collection":[{"href":"https:\/\/radiowebmx.com\/nota\/wp-json\/wp\/v2\/posts"}],"about":[{"href":"https:\/\/radiowebmx.com\/nota\/wp-json\/wp\/v2\/types\/post"}],"author":[{"embeddable":true,"href":"https:\/\/radiowebmx.com\/nota\/wp-json\/wp\/v2\/users\/1"}],"replies":[{"embeddable":true,"href":"https:\/\/radiowebmx.com\/nota\/wp-json\/wp\/v2\/comments?post=30388"}],"version-history":[{"count":1,"href":"https:\/\/radiowebmx.com\/nota\/wp-json\/wp\/v2\/posts\/30388\/revisions"}],"predecessor-version":[{"id":30390,"href":"https:\/\/radiowebmx.com\/nota\/wp-json\/wp\/v2\/posts\/30388\/revisions\/30390"}],"wp:featuredmedia":[{"embeddable":true,"href":"https:\/\/radiowebmx.com\/nota\/wp-json\/wp\/v2\/media\/30389"}],"wp:attachment":[{"href":"https:\/\/radiowebmx.com\/nota\/wp-json\/wp\/v2\/media?parent=30388"}],"wp:term":[{"taxonomy":"category","embeddable":true,"href":"https:\/\/radiowebmx.com\/nota\/wp-json\/wp\/v2\/categories?post=30388"},{"taxonomy":"post_tag","embeddable":true,"href":"https:\/\/radiowebmx.com\/nota\/wp-json\/wp\/v2\/tags?post=30388"}],"curies":[{"name":"wp","href":"https:\/\/api.w.org\/{rel}","templated":true}]}}