{"id":30359,"date":"2017-01-26T10:33:03","date_gmt":"2017-01-26T16:33:03","guid":{"rendered":"https:\/\/radiowebmx.com\/nota\/?p=30359"},"modified":"2017-01-26T10:33:03","modified_gmt":"2017-01-26T16:33:03","slug":"la-caravana-de-la-ciencia-un-exito-en-zamora","status":"publish","type":"post","link":"https:\/\/radiowebmx.com\/nota\/la-caravana-de-la-ciencia-un-exito-en-zamora\/","title":{"rendered":"La Caravana de la Ciencia, un \u00e9xito en Zamora"},"content":{"rendered":"<p><img loading=\"lazy\" decoding=\"async\" src=\"https:\/\/radiowebmx.com\/nota\/wp-content\/uploads\/2017\/01\/aa081a04-d408-43da-b3a3-ce266d9d0795.jpg\" alt=\"aa081a04-d408-43da-b3a3-ce266d9d0795\" width=\"709\" height=\"531\" class=\"alignleft size-full wp-image-30360\" srcset=\"https:\/\/radiowebmx.com\/nota\/wp-content\/uploads\/2017\/01\/aa081a04-d408-43da-b3a3-ce266d9d0795.jpg 709w, https:\/\/radiowebmx.com\/nota\/wp-content\/uploads\/2017\/01\/aa081a04-d408-43da-b3a3-ce266d9d0795-300x225.jpg 300w\" sizes=\"auto, (max-width: 709px) 100vw, 709px\" \/><\/p>\n<p>Zamora, Michoac\u00e1n, a 25 de enero de 2017.- Todo un \u00e9xito result\u00f3 la presencia de la Caravana de la Ciencia en este municipio, donde miles de estudiantes de preescolar, primaria y secundaria, principalmente, se dieron cita para visitar las instalaciones de este museo itinerante que impulsa la Secretar\u00eda de Innovaci\u00f3n, Ciencia y Desarrollo Tecnol\u00f3gico (Sicdet).<\/p>\n<p>El titular de la dependencia estatal, Jos\u00e9 Luis Monta\u00f1ez Espinosa, destac\u00f3 que mediante la divulgaci\u00f3n cient\u00edfica desde un enfoque l\u00fadico, este programa contribuye tambi\u00e9n a la cohesi\u00f3n del tejido social y tan solo el a\u00f1o anterior logr\u00f3 llegar a un p\u00fablico estimado en 60 mil personas.<\/p>\n<p>La Caravana inici\u00f3 sus actividades con un sencillo acto protocolario con la presencia de las autoridades municipales, encabezadas por el alcalde Jos\u00e9 Carlos Lugo God\u00ednez.<\/p>\n<p>Las y los asistentes pudieron disfrutar del Planetario M\u00f3vil, un espacio a cargo del Centro de Convenciones y Exposiciones de Morelia que trabaja de manera transversal con la Sicdet; la Burbuciencia, un cine-m\u00f3vil inflable donde pudieron disfrutar de documentales en tercera dimensi\u00f3n, talleres interactivos, juegos y muchas otras actividades l\u00fadicas sobre temas cient\u00edficos y tecnol\u00f3gicos muy variados, como los oc\u00e9anos, los drones, ecosistemas, electricidad, el sonido, etc\u00e9tera.<\/p>\n<p>De acuerdo con su itinerario, antes de concluir el mes en curso la Caravana visitar\u00e1 tambi\u00e9n Jiquilpan, Sahuayo y Jar\u00e1cuaro.<\/p>\n","protected":false},"excerpt":{"rendered":"<p>Todo un \u00e9xito result\u00f3 la presencia de la Caravana de la Ciencia en este municipio, donde miles de estudiantes de preescolar, primaria y secundaria, principalmente, se dieron cita para visitar las instalaciones de este museo itinerante que impulsa la Secretar\u00eda de Innovaci\u00f3n, Ciencia y Desarrollo Tecnol\u00f3gico (Sicdet).<\/p>\n","protected":false},"author":1,"featured_media":30360,"comment_status":"open","ping_status":"open","sticky":false,"template":"","format":"standard","meta":{"footnotes":""},"categories":[14,3],"tags":[],"class_list":["post-30359","post","type-post","status-publish","format-standard","has-post-thumbnail","hentry","category-destacadas","category-gobierno-del-estado-de-michoacan"],"_links":{"self":[{"href":"https:\/\/radiowebmx.com\/nota\/wp-json\/wp\/v2\/posts\/30359","targetHints":{"allow":["GET"]}}],"collection":[{"href":"https:\/\/radiowebmx.com\/nota\/wp-json\/wp\/v2\/posts"}],"about":[{"href":"https:\/\/radiowebmx.com\/nota\/wp-json\/wp\/v2\/types\/post"}],"author":[{"embeddable":true,"href":"https:\/\/radiowebmx.com\/nota\/wp-json\/wp\/v2\/users\/1"}],"replies":[{"embeddable":true,"href":"https:\/\/radiowebmx.com\/nota\/wp-json\/wp\/v2\/comments?post=30359"}],"version-history":[{"count":1,"href":"https:\/\/radiowebmx.com\/nota\/wp-json\/wp\/v2\/posts\/30359\/revisions"}],"predecessor-version":[{"id":30361,"href":"https:\/\/radiowebmx.com\/nota\/wp-json\/wp\/v2\/posts\/30359\/revisions\/30361"}],"wp:featuredmedia":[{"embeddable":true,"href":"https:\/\/radiowebmx.com\/nota\/wp-json\/wp\/v2\/media\/30360"}],"wp:attachment":[{"href":"https:\/\/radiowebmx.com\/nota\/wp-json\/wp\/v2\/media?parent=30359"}],"wp:term":[{"taxonomy":"category","embeddable":true,"href":"https:\/\/radiowebmx.com\/nota\/wp-json\/wp\/v2\/categories?post=30359"},{"taxonomy":"post_tag","embeddable":true,"href":"https:\/\/radiowebmx.com\/nota\/wp-json\/wp\/v2\/tags?post=30359"}],"curies":[{"name":"wp","href":"https:\/\/api.w.org\/{rel}","templated":true}]}}