{"id":30353,"date":"2017-01-26T10:25:07","date_gmt":"2017-01-26T16:25:07","guid":{"rendered":"https:\/\/radiowebmx.com\/nota\/?p=30353"},"modified":"2017-01-26T10:25:07","modified_gmt":"2017-01-26T16:25:07","slug":"trabajan-grupo-de-coordinacion-y-consejo-ciudadano-para-transformar-uruapan","status":"publish","type":"post","link":"https:\/\/radiowebmx.com\/nota\/trabajan-grupo-de-coordinacion-y-consejo-ciudadano-para-transformar-uruapan\/","title":{"rendered":"Trabajan Grupo de Coordinaci\u00f3n y Consejo Ciudadano para transformar Uruapan"},"content":{"rendered":"<p><img loading=\"lazy\" decoding=\"async\" src=\"https:\/\/radiowebmx.com\/nota\/wp-content\/uploads\/2017\/01\/f279daf9-e0c6-48c7-acf6-0866c631b253.jpg\" alt=\"f279daf9-e0c6-48c7-acf6-0866c631b253\" width=\"709\" height=\"472\" class=\"alignleft size-full wp-image-30354\" srcset=\"https:\/\/radiowebmx.com\/nota\/wp-content\/uploads\/2017\/01\/f279daf9-e0c6-48c7-acf6-0866c631b253.jpg 709w, https:\/\/radiowebmx.com\/nota\/wp-content\/uploads\/2017\/01\/f279daf9-e0c6-48c7-acf6-0866c631b253-300x200.jpg 300w\" sizes=\"auto, (max-width: 709px) 100vw, 709px\" \/><\/p>\n<p>Uruapan, Michoac\u00e1n, a 25 de enero de 2017.- Integrantes del Grupo de Coordinaci\u00f3n Michoac\u00e1n (GCM) encabezados por el Gobernador Constitucional Silvano Aureoles Conejo, revisaron los avances obtenidos en materia de seguridad en el municipio de Uruapan, con el objetivo de generar mayor confianza a los habitantes de esta regi\u00f3n.<\/p>\n<p>Como cada semana, el mandantario estatal se\u00f1al\u00f3 que la seguridad de las y los ciudadanos es una de las principales prioridades de la administraci\u00f3n que encabeza, por lo que pidi\u00f3 no bajar la guardia, ya que los resultados obtenidos han sido positivos.<\/p>\n<p>Estos resultados, dijo, son fruto del trabajo coordinado entre los tres \u00f3rdenes de Gobierno, pero &#8220;sin la participaci\u00f3n y apoyo de la sociedad la estrategia de seguridad hubiera sido imposible&#8221;, destac\u00f3.<\/p>\n<p>En este tenor, se inform\u00f3 que en los trabajos de seguridad realizados del 21 de diciembre al 24 de enero en el municipio de Uruapan, se obtuvieron los siguientes resultados: 115 personas remitidas a barandillas; 59 detenidos y siete \u00f3rdenes cumplimentadas por el fuero Federal, adem\u00e1s de 13 \u00f3rdenes cumplimentadas del fuero com\u00fan.<\/p>\n<p>Se aseguraron tambi\u00e9n 9 armas cortas; 21 cargadores; 299 cartuchos; 126.15 gramos de marihuana; 302 gramos de crystal; 630 miligramos de coca\u00edna y 161.850 litros de gasolina.<\/p>\n<p>Sostiene Gobernador quinta reuni\u00f3n del Consejo para el Desarrollo Integral de Uruapan<\/p>\n<p>Posteriormente, el Gobernador Constitucional encabez\u00f3 la quinta reuni\u00f3n del Consejo Ciudadano para el Desarrollo Integral de Uruapan, en donde, como parte de una primera etapa se presentaron 92 proyectos en el eje de infraestructura y equipamiento urbano.<\/p>\n<p>Dichos proyectos, destac\u00f3 el titular de la Secretar\u00eda de Desarrollo Territorial, Urbano y Movilidad (Sedetum), Sergio Adem Argueta, se revisar\u00e1n para dar prioridad a aquellas que sean de mayor necesidad para la poblaci\u00f3n de esta regi\u00f3n.<\/p>\n<p>Estuvieron presentes en estas reuniones el procurador General de Justicia del Estado, Jos\u00e9 Mart\u00edn Godoy Castro; el secretario de Seguridad P\u00fablica, Juan Bernardo Corona Mart\u00ednez; el titular de la Sedrua y enlace estatal para revisar los avances y proyectos del Consejo, Francisco Huergo Maurin; el presidente municipal de Uruapan, V\u00edctor Manuel Manr\u00edquez Gonz\u00e1lez; la delegada en Michoac\u00e1n de la Procuradur\u00eda General de la Rep\u00fablica (PGR), Bertha Paredes Gardu\u00f1o; el comandante de la 21 Zona Militar, general Jos\u00e9 Francisco Morales C\u00e1zares; la secretaria de Salud, Silvia Hern\u00e1ndez Capi; el secretario de Educaci\u00f3n, Alberto Frutis Sol\u00eds.<\/p>\n<p>As\u00ed como el coordinador estatal de la Polic\u00eda Federal, Francisco Israel Galv\u00e1n Jaime; el director de Seguridad P\u00fablica de Uruapan, Arturo Campos Garc\u00eda; el fiscal regional de Uruapan, Iv\u00e1n Casas Figueroa; el comandante del 17\/vo Batall\u00f3n de Infanter\u00eda, Jos\u00e9 Manuel Jim\u00e9nez Miranda; el subdelegado de la PGR, Jos\u00e9 Enrique Corona, as\u00ed como diversas autoridades estatales y municipales.<\/p>\n","protected":false},"excerpt":{"rendered":"<p>Integrantes del Grupo de Coordinaci\u00f3n Michoac\u00e1n (GCM) encabezados por el Gobernador Constitucional Silvano Aureoles Conejo, revisaron los avances obtenidos en materia de seguridad en el municipio de Uruapan, con el objetivo de generar mayor confianza a los habitantes de esta regi\u00f3n.<\/p>\n","protected":false},"author":1,"featured_media":30354,"comment_status":"open","ping_status":"open","sticky":false,"template":"","format":"standard","meta":{"footnotes":""},"categories":[14,3],"tags":[],"class_list":["post-30353","post","type-post","status-publish","format-standard","has-post-thumbnail","hentry","category-destacadas","category-gobierno-del-estado-de-michoacan"],"_links":{"self":[{"href":"https:\/\/radiowebmx.com\/nota\/wp-json\/wp\/v2\/posts\/30353","targetHints":{"allow":["GET"]}}],"collection":[{"href":"https:\/\/radiowebmx.com\/nota\/wp-json\/wp\/v2\/posts"}],"about":[{"href":"https:\/\/radiowebmx.com\/nota\/wp-json\/wp\/v2\/types\/post"}],"author":[{"embeddable":true,"href":"https:\/\/radiowebmx.com\/nota\/wp-json\/wp\/v2\/users\/1"}],"replies":[{"embeddable":true,"href":"https:\/\/radiowebmx.com\/nota\/wp-json\/wp\/v2\/comments?post=30353"}],"version-history":[{"count":1,"href":"https:\/\/radiowebmx.com\/nota\/wp-json\/wp\/v2\/posts\/30353\/revisions"}],"predecessor-version":[{"id":30355,"href":"https:\/\/radiowebmx.com\/nota\/wp-json\/wp\/v2\/posts\/30353\/revisions\/30355"}],"wp:featuredmedia":[{"embeddable":true,"href":"https:\/\/radiowebmx.com\/nota\/wp-json\/wp\/v2\/media\/30354"}],"wp:attachment":[{"href":"https:\/\/radiowebmx.com\/nota\/wp-json\/wp\/v2\/media?parent=30353"}],"wp:term":[{"taxonomy":"category","embeddable":true,"href":"https:\/\/radiowebmx.com\/nota\/wp-json\/wp\/v2\/categories?post=30353"},{"taxonomy":"post_tag","embeddable":true,"href":"https:\/\/radiowebmx.com\/nota\/wp-json\/wp\/v2\/tags?post=30353"}],"curies":[{"name":"wp","href":"https:\/\/api.w.org\/{rel}","templated":true}]}}