{"id":30349,"date":"2017-01-25T14:50:03","date_gmt":"2017-01-25T20:50:03","guid":{"rendered":"https:\/\/radiowebmx.com\/nota\/?p=30349"},"modified":"2017-01-25T14:50:03","modified_gmt":"2017-01-25T20:50:03","slug":"michoacan-en-vias-de-posicionarse-como-lider-turistico-en-mexico","status":"publish","type":"post","link":"https:\/\/radiowebmx.com\/nota\/michoacan-en-vias-de-posicionarse-como-lider-turistico-en-mexico\/","title":{"rendered":"Michoac\u00e1n, en v\u00edas de posicionarse como l\u00edder tur\u00edstico en M\u00e9xico"},"content":{"rendered":"<p><img loading=\"lazy\" decoding=\"async\" src=\"https:\/\/radiowebmx.com\/nota\/wp-content\/uploads\/2017\/01\/37053e2a-e742-45e1-a70d-da730d2998a3.jpg\" alt=\"37053e2a-e742-45e1-a70d-da730d2998a3\" width=\"709\" height=\"472\" class=\"alignleft size-full wp-image-30350\" srcset=\"https:\/\/radiowebmx.com\/nota\/wp-content\/uploads\/2017\/01\/37053e2a-e742-45e1-a70d-da730d2998a3.jpg 709w, https:\/\/radiowebmx.com\/nota\/wp-content\/uploads\/2017\/01\/37053e2a-e742-45e1-a70d-da730d2998a3-300x200.jpg 300w\" sizes=\"auto, (max-width: 709px) 100vw, 709px\" \/><\/p>\n<p>Morelia, Michoac\u00e1n, a 25 de enero de 2017.- La titular de la Secretar\u00eda de Turismo (Sectur) estatal, Claudia Ch\u00e1vez L\u00f3pez, destac\u00f3 que gracias a la participaci\u00f3n de Michoac\u00e1n en la Feria Internacional de Turismo (FITUR) 2017, la entidad est\u00e1 en v\u00edas de posicionarse como l\u00edder de turismo interior en M\u00e9xico.<\/p>\n<p>Resalt\u00f3 que los productos tur\u00edsticos de Michoac\u00e1n que despertaron mayor inter\u00e9s para los potenciales turistas europeos y latinoamericanos fueron la mariposa Monarca, la Noche de Muertos, la Ruta Don Vasco, la cocina tradicional y las artesan\u00edas.<\/p>\n<p>La funcionaria estatal detall\u00f3 que en el marco de la FITUR, entre el 17 y el 20 de enero pasados, celebr\u00f3 35 reuniones: 16 con tour operadores receptivos, siete con agencias emisoras, cinco con portales de Internet, dos con productores de documentales y videos, una con un festival gastron\u00f3mico de Par\u00eds, Francia, y cuatro con agencias de comunicaci\u00f3n y relaciones p\u00fablicas.<\/p>\n<p>Mencion\u00f3 que durante sus encuentros de trabajo con tour operadores receptivos se acord\u00f3 celebrar una reuni\u00f3n para hacerles una presentaci\u00f3n del destino y programar una serie de fam trips que les permitan recorrer los diferentes atractivos del estado con el fin de enriquecer sus recorridos e incrementar la afluencia de tur\u00edstica.<\/p>\n<p>Adem\u00e1s, se realizar\u00e1 una Newsletter mensual con el objetivo de mantenerlos informados de las diferentes festividades que se llevan a cabo en la entidad.<\/p>\n<p>De igual forma, se trabajar\u00e1 en conjunto para la elaboraci\u00f3n de materiales que les permitan promover a Michoac\u00e1n durante su participaci\u00f3n en las diferentes ferias internacionales a las que asisten regularmente.<\/p>\n<p>Ch\u00e1vez L\u00f3pez inform\u00f3 que en el caso de las agencias emisoras se mantendr\u00e1 una estrecha comunicaci\u00f3n a trav\u00e9s del Newsletter, y se realizar\u00e1n seminarios de capacitaci\u00f3n sobre el destino para que conozcan m\u00e1s sobre lo que Michoac\u00e1n puede ofrecerles.<\/p>\n<p>En las reuniones con portales de Internet, productores de documentales, agencias de comunicaci\u00f3n y relaciones p\u00fablicas, se acord\u00f3 buscar mecanismos conjuntos para generar una estrategia de comunicaci\u00f3n que permita promover los diferentes destinos del estado.<\/p>\n<p>Finalmente, la encargada de la pol\u00edtica tur\u00edstica de Michoac\u00e1n destac\u00f3 que la edici\u00f3n 2017 de la FITUR fue todo un \u00e9xito, ya que registr\u00f3 cifras r\u00e9cord de visitantes (profesionales y p\u00fablico), con 245 mil asistentes, 6% m\u00e1s que el a\u00f1o pasado; un crecimiento de profesionales del 9%, con 135 mil 838 participantes; aumento del 9% en el n\u00famero de expositores internacionales (de Am\u00e9rica, 17%; de la regi\u00f3n Asia-Pac\u00edfico, 12%; de Europa, 9%); adem\u00e1s, participaron 9 mil 672 empresas de 165 pa\u00edses, e increment\u00f3 10% los encuentros B2B, al superar las 6 mil 800 citas.<\/p>\n","protected":false},"excerpt":{"rendered":"<p>La titular de la Secretar\u00eda de Turismo (Sectur) estatal, Claudia Ch\u00e1vez L\u00f3pez, destac\u00f3 que gracias a la participaci\u00f3n de Michoac\u00e1n en la Feria Internacional de Turismo (FITUR) 2017, la entidad est\u00e1 en v\u00edas de posicionarse como l\u00edder de turismo interior en M\u00e9xico.<\/p>\n","protected":false},"author":1,"featured_media":30350,"comment_status":"open","ping_status":"open","sticky":false,"template":"","format":"standard","meta":{"footnotes":""},"categories":[14,3],"tags":[],"class_list":["post-30349","post","type-post","status-publish","format-standard","has-post-thumbnail","hentry","category-destacadas","category-gobierno-del-estado-de-michoacan"],"_links":{"self":[{"href":"https:\/\/radiowebmx.com\/nota\/wp-json\/wp\/v2\/posts\/30349","targetHints":{"allow":["GET"]}}],"collection":[{"href":"https:\/\/radiowebmx.com\/nota\/wp-json\/wp\/v2\/posts"}],"about":[{"href":"https:\/\/radiowebmx.com\/nota\/wp-json\/wp\/v2\/types\/post"}],"author":[{"embeddable":true,"href":"https:\/\/radiowebmx.com\/nota\/wp-json\/wp\/v2\/users\/1"}],"replies":[{"embeddable":true,"href":"https:\/\/radiowebmx.com\/nota\/wp-json\/wp\/v2\/comments?post=30349"}],"version-history":[{"count":1,"href":"https:\/\/radiowebmx.com\/nota\/wp-json\/wp\/v2\/posts\/30349\/revisions"}],"predecessor-version":[{"id":30351,"href":"https:\/\/radiowebmx.com\/nota\/wp-json\/wp\/v2\/posts\/30349\/revisions\/30351"}],"wp:featuredmedia":[{"embeddable":true,"href":"https:\/\/radiowebmx.com\/nota\/wp-json\/wp\/v2\/media\/30350"}],"wp:attachment":[{"href":"https:\/\/radiowebmx.com\/nota\/wp-json\/wp\/v2\/media?parent=30349"}],"wp:term":[{"taxonomy":"category","embeddable":true,"href":"https:\/\/radiowebmx.com\/nota\/wp-json\/wp\/v2\/categories?post=30349"},{"taxonomy":"post_tag","embeddable":true,"href":"https:\/\/radiowebmx.com\/nota\/wp-json\/wp\/v2\/tags?post=30349"}],"curies":[{"name":"wp","href":"https:\/\/api.w.org\/{rel}","templated":true}]}}