{"id":30337,"date":"2017-01-25T14:36:52","date_gmt":"2017-01-25T20:36:52","guid":{"rendered":"https:\/\/radiowebmx.com\/nota\/?p=30337"},"modified":"2017-01-25T14:36:52","modified_gmt":"2017-01-25T20:36:52","slug":"see-obligado-a-revisar-los-protocolos-de-actuacion-y-prevencion-de-la-violencia-escolar-mario-armando-mendoza","status":"publish","type":"post","link":"https:\/\/radiowebmx.com\/nota\/see-obligado-a-revisar-los-protocolos-de-actuacion-y-prevencion-de-la-violencia-escolar-mario-armando-mendoza\/","title":{"rendered":"SEE obligado a revisar los protocolos de actuaci\u00f3n y prevenci\u00f3n de la violencia escolar: Mario Armando Mendoza"},"content":{"rendered":"<p><img loading=\"lazy\" decoding=\"async\" src=\"https:\/\/radiowebmx.com\/nota\/wp-content\/uploads\/2017\/01\/thumbnail_084-01.jpg\" alt=\"thumbnail_084-01\" width=\"709\" height=\"557\" class=\"alignleft size-full wp-image-30338\" srcset=\"https:\/\/radiowebmx.com\/nota\/wp-content\/uploads\/2017\/01\/thumbnail_084-01.jpg 709w, https:\/\/radiowebmx.com\/nota\/wp-content\/uploads\/2017\/01\/thumbnail_084-01-300x236.jpg 300w\" sizes=\"auto, (max-width: 709px) 100vw, 709px\" \/><\/p>\n<p>Morelia, Mich., a 24 de enero de 2017.- La Secretar\u00eda de Educaci\u00f3n en el Estado (SEE) est\u00e1 obligada a revisar los protocolos de actuaci\u00f3n y prevenci\u00f3n de la violencia escolar, se\u00f1al\u00f3 el diputado del PRI e integrante de la Comisi\u00f3n de Educaci\u00f3n en el Congreso del Estado, Mario Armando Mendoza Guzm\u00e1n, luego de hacer un llamado al Consejo Preventivo de la Violencia Escolar en el Estado de Michoac\u00e1n sesionar para establecer acciones conjuntas padres de familia y autoridades para atacar la violencia desde la escuela y hogares.<\/p>\n<p>El diputado del PRI, se\u00f1al\u00f3 que a m\u00e1s de dos a\u00f1os de la creaci\u00f3n del Consejo es preocupante que este organismo tenga pocos indicios de haber sesionado, pese a ser un organismo dependiente de la Secretar\u00eda de Educaci\u00f3n del Estado, entre cuyas funciones se encuentra elaborar y dar seguimiento al protocolo de actuaci\u00f3n y prevenci\u00f3n de la violencia escolar.<\/p>\n<p>Ante el escenario en el que se encuentran los j\u00f3venes y ni\u00f1os michoacanos, alert\u00f3 que es fundamental sesionar para que las acciones que se trabajan con la participaci\u00f3n de los ciudadanos tengan efectos en las instituciones de educaci\u00f3n p\u00fablica.<\/p>\n<p>Si bien reconoci\u00f3 los esfuerzos de la autoridad estatal para implementar operativos como Mochila segura en Michoac\u00e1n, sostuvo que es fundamental que este Consejo aborde de manera integral la situaci\u00f3n de violencia escolar a la que no es ajena el estado, ya que de acuerdo con la Comisi\u00f3n Estatal de Derechos Humanos se han atendido al menos cinco de cada 10 ni\u00f1os en el estado han sufrido este tipo de violencia.<\/p>\n<p>Este consejo record\u00f3 el diputado del tricolor, permite  atender las denuncias de violencia escolar; acreditar a las instituciones libres de violencia; coordinar las acciones con dependencias del Poder Ejecutivo del Estado autoridades municipales en materia de atenci\u00f3n y prevenci\u00f3n de la violencia escolar construir, analizar, dar seguimiento y evaluar propuestas de formaci\u00f3n, intervenci\u00f3n y prevenci\u00f3n de la violencia escolar, as\u00ed como las pol\u00edticas p\u00fablicas dise\u00f1adas en esta materia, de ah\u00ed la importancia de este organismo en el que participa la sociedad civil.<\/p>\n","protected":false},"excerpt":{"rendered":"<p>La Secretar\u00eda de Educaci\u00f3n en el Estado (SEE) est\u00e1 obligada a revisar los protocolos de actuaci\u00f3n y prevenci\u00f3n de la violencia escolar, se\u00f1al\u00f3 el diputado del PRI e integrante de la Comisi\u00f3n de Educaci\u00f3n en el Congreso del Estado, Mario Armando Mendoza Guzm\u00e1n<\/p>\n","protected":false},"author":1,"featured_media":30338,"comment_status":"open","ping_status":"open","sticky":false,"template":"","format":"standard","meta":{"footnotes":""},"categories":[6,14,7],"tags":[],"class_list":["post-30337","post","type-post","status-publish","format-standard","has-post-thumbnail","hentry","category-congreso-del-estado","category-destacadas","category-grupo-parlamentario-del-pri"],"_links":{"self":[{"href":"https:\/\/radiowebmx.com\/nota\/wp-json\/wp\/v2\/posts\/30337","targetHints":{"allow":["GET"]}}],"collection":[{"href":"https:\/\/radiowebmx.com\/nota\/wp-json\/wp\/v2\/posts"}],"about":[{"href":"https:\/\/radiowebmx.com\/nota\/wp-json\/wp\/v2\/types\/post"}],"author":[{"embeddable":true,"href":"https:\/\/radiowebmx.com\/nota\/wp-json\/wp\/v2\/users\/1"}],"replies":[{"embeddable":true,"href":"https:\/\/radiowebmx.com\/nota\/wp-json\/wp\/v2\/comments?post=30337"}],"version-history":[{"count":1,"href":"https:\/\/radiowebmx.com\/nota\/wp-json\/wp\/v2\/posts\/30337\/revisions"}],"predecessor-version":[{"id":30339,"href":"https:\/\/radiowebmx.com\/nota\/wp-json\/wp\/v2\/posts\/30337\/revisions\/30339"}],"wp:featuredmedia":[{"embeddable":true,"href":"https:\/\/radiowebmx.com\/nota\/wp-json\/wp\/v2\/media\/30338"}],"wp:attachment":[{"href":"https:\/\/radiowebmx.com\/nota\/wp-json\/wp\/v2\/media?parent=30337"}],"wp:term":[{"taxonomy":"category","embeddable":true,"href":"https:\/\/radiowebmx.com\/nota\/wp-json\/wp\/v2\/categories?post=30337"},{"taxonomy":"post_tag","embeddable":true,"href":"https:\/\/radiowebmx.com\/nota\/wp-json\/wp\/v2\/tags?post=30337"}],"curies":[{"name":"wp","href":"https:\/\/api.w.org\/{rel}","templated":true}]}}