{"id":30331,"date":"2017-01-25T13:57:12","date_gmt":"2017-01-25T19:57:12","guid":{"rendered":"https:\/\/radiowebmx.com\/nota\/?p=30331"},"modified":"2017-01-25T13:57:12","modified_gmt":"2017-01-25T19:57:12","slug":"realizara-imde-seminario-de-actualizacion-de-futbol","status":"publish","type":"post","link":"https:\/\/radiowebmx.com\/nota\/realizara-imde-seminario-de-actualizacion-de-futbol\/","title":{"rendered":"Realizar\u00e1 IMDE seminario de actualizaci\u00f3n de futbol"},"content":{"rendered":"<p><img loading=\"lazy\" decoding=\"async\" src=\"https:\/\/radiowebmx.com\/nota\/wp-content\/uploads\/2017\/01\/1c960ab1-f370-4574-b10f-d49f324fb8e6.jpg\" alt=\"1c960ab1-f370-4574-b10f-d49f324fb8e6\" width=\"709\" height=\"472\" class=\"alignleft size-full wp-image-30332\" srcset=\"https:\/\/radiowebmx.com\/nota\/wp-content\/uploads\/2017\/01\/1c960ab1-f370-4574-b10f-d49f324fb8e6.jpg 709w, https:\/\/radiowebmx.com\/nota\/wp-content\/uploads\/2017\/01\/1c960ab1-f370-4574-b10f-d49f324fb8e6-300x200.jpg 300w\" sizes=\"auto, (max-width: 709px) 100vw, 709px\" \/><\/p>\n<p>En cumplimiento del compromiso del Presidente Municipal de Morelia, Alfonso Mart\u00ednez Alc\u00e1zar, por brindar a la ciudadan\u00eda instructores capacitados en diferentes disciplinas, el Ayuntamiento de Morelia, en coordinaci\u00f3n con la Universidad Internacional Jefferson, realizar\u00e1 el Seminario de Actualizaci\u00f3n Espa\u00f1a M\u00e9xico, impartido por el Director T\u00e9cnico Profesional, Javier L\u00f3pez L\u00f3pez, los d\u00edas 10 y 11 de febrero.<\/p>\n<p>Alfonso Mart\u00ednez Alc\u00e1zar, Jefe de la Comuna Moreliana, a trav\u00e9s del Instituto Municipal de Cultura F\u00edsica y Deporte (IMDE), ha implementado diversas estrategias en v\u00edas de capacitar a entrenadores en diferentes disciplinas, con el objetivo de garantizar a la ciudadan\u00eda actividades de calidad, por lo cual atrajo esta cl\u00ednica que se ha replicado en otros pa\u00edses como: Espa\u00f1a, Ecuador, Per\u00fa, Colombia, El Salvador y Guatemala.<\/p>\n<p>El curso ser\u00e1 impartido por el Director T\u00e9cnico Profesional, Javier L\u00f3pez L\u00f3pez, quien se ha desempe\u00f1ado como entrenador de la Liga de Ascenso con los Cimarrones de Sonora, ha trabajado en las Fuerzas B\u00e1sicas de clubes como Pumas y Monterrey, adem\u00e1s de ser Director del Centro de Alto Rendimiento Profesional Espa\u00f1a.<\/p>\n<p>A la conferencia de prensa acudieron: Joel Calder\u00f3n, en representaci\u00f3n del Director General del IMDE, Gustavo Ju\u00e1rez Bedolla; Karla Moreno, Rectora de la Universidad Internacional Jefferson, adem\u00e1s de Rodolfo Gasca, entrenador de futbol del equipo Bulldog\u00b4s IMDE.<\/p>\n<p>\u201cTraer actualizaciones a nuestra ciudad para elevar el desarrollo del deporte es una de las principales caracter\u00edsticas de esta Administraci\u00f3n, estamos conscientes de que los morelianos tienen derecho a recibir clases deportivas de gente altamente preparada y es por eso que nos hemos ocupado en ese sentido\u201d, manifest\u00f3 el Secretario T\u00e9cnico del IMDE, Joel Calder\u00f3n.<\/p>\n<p>\u201cResta universidad est\u00e1 comprometida con esta ciudad, raz\u00f3n por la cual decidimos impulsar este seminario que viene a sentar bases m\u00e1s s\u00f3lidas para el desarrollo de este deporte, ya que hay que recordar que el entrenador desempe\u00f1a un papel fundamental en el desarrollo de nuevos talentos\u201d, se\u00f1al\u00f3 la rectora de la instituci\u00f3n educativa, Karla Moreno.<\/p>\n<p>El Seminario de Actualizaci\u00f3n Espa\u00f1a-M\u00e9xico se impartir\u00e1 los d\u00edas 10 y 11 de febrero, en las canchas de la instituci\u00f3n educativa y tendr\u00e1 un cupo limitado a 30 personas, por lo que los organizadores adelantaron que ya contaban con 18 registros.<\/p>\n<p>En el curso te\u00f3rico-pr\u00e1ctico, se incluir\u00e1n temas como: \u201cCaracter\u00edsticas de los j\u00f3venes\u201d, \u201cTrabajo en espacios reducidos\u201d, \u201cIntegraci\u00f3n t\u00e1ctica aplicada al futbol base\u201d, \u201cEntrenamiento en la etapa de iniciaci\u00f3n\u201d, \u201cEntrenamiento en la etapa de perfeccionamiento\u201d y \u201cEntrenamiento t\u00e1ctico en la etapa de alto rendimiento\u201d.<\/p>\n<p>Las inscripciones tienen un costo de mil 500 pesos y estas se pueden realizar en las oficinas del IMDE, ubicadas en la Unidad Deportiva Morelos Indeco y en las instalaciones de la Universidad Internacional Jefferson.<\/p>\n","protected":false},"excerpt":{"rendered":"<p>En cumplimiento del compromiso del Presidente Municipal de Morelia, Alfonso Mart\u00ednez Alc\u00e1zar, por brindar a la ciudadan\u00eda instructores capacitados en diferentes disciplinas, el Ayuntamiento de Morelia, en coordinaci\u00f3n con la Universidad Internacional Jefferson, realizar\u00e1 el Seminario de Actualizaci\u00f3n Espa\u00f1a M\u00e9xico, impartido por el Director T\u00e9cnico Profesional, Javier L\u00f3pez L\u00f3pez, los d\u00edas 10 y 11 de febrero.<\/p>\n","protected":false},"author":1,"featured_media":30332,"comment_status":"open","ping_status":"open","sticky":false,"template":"","format":"standard","meta":{"footnotes":""},"categories":[14,3],"tags":[],"class_list":["post-30331","post","type-post","status-publish","format-standard","has-post-thumbnail","hentry","category-destacadas","category-gobierno-del-estado-de-michoacan"],"_links":{"self":[{"href":"https:\/\/radiowebmx.com\/nota\/wp-json\/wp\/v2\/posts\/30331","targetHints":{"allow":["GET"]}}],"collection":[{"href":"https:\/\/radiowebmx.com\/nota\/wp-json\/wp\/v2\/posts"}],"about":[{"href":"https:\/\/radiowebmx.com\/nota\/wp-json\/wp\/v2\/types\/post"}],"author":[{"embeddable":true,"href":"https:\/\/radiowebmx.com\/nota\/wp-json\/wp\/v2\/users\/1"}],"replies":[{"embeddable":true,"href":"https:\/\/radiowebmx.com\/nota\/wp-json\/wp\/v2\/comments?post=30331"}],"version-history":[{"count":1,"href":"https:\/\/radiowebmx.com\/nota\/wp-json\/wp\/v2\/posts\/30331\/revisions"}],"predecessor-version":[{"id":30333,"href":"https:\/\/radiowebmx.com\/nota\/wp-json\/wp\/v2\/posts\/30331\/revisions\/30333"}],"wp:featuredmedia":[{"embeddable":true,"href":"https:\/\/radiowebmx.com\/nota\/wp-json\/wp\/v2\/media\/30332"}],"wp:attachment":[{"href":"https:\/\/radiowebmx.com\/nota\/wp-json\/wp\/v2\/media?parent=30331"}],"wp:term":[{"taxonomy":"category","embeddable":true,"href":"https:\/\/radiowebmx.com\/nota\/wp-json\/wp\/v2\/categories?post=30331"},{"taxonomy":"post_tag","embeddable":true,"href":"https:\/\/radiowebmx.com\/nota\/wp-json\/wp\/v2\/tags?post=30331"}],"curies":[{"name":"wp","href":"https:\/\/api.w.org\/{rel}","templated":true}]}}