{"id":30328,"date":"2017-01-25T13:33:58","date_gmt":"2017-01-25T19:33:58","guid":{"rendered":"https:\/\/radiowebmx.com\/nota\/?p=30328"},"modified":"2017-01-25T13:33:58","modified_gmt":"2017-01-25T19:33:58","slug":"ayuntamiento-de-morelia-comprometido-con-la-educacion","status":"publish","type":"post","link":"https:\/\/radiowebmx.com\/nota\/ayuntamiento-de-morelia-comprometido-con-la-educacion\/","title":{"rendered":"Ayuntamiento de Morelia, comprometido con la educaci\u00f3n"},"content":{"rendered":"<p><img loading=\"lazy\" decoding=\"async\" src=\"https:\/\/radiowebmx.com\/nota\/wp-content\/uploads\/2017\/01\/16400181-692f-469e-8e18-2135d9d4b1af.jpeg\" alt=\"16400181-692f-469e-8e18-2135d9d4b1af\" width=\"709\" height=\"470\" class=\"alignleft size-full wp-image-30329\" srcset=\"https:\/\/radiowebmx.com\/nota\/wp-content\/uploads\/2017\/01\/16400181-692f-469e-8e18-2135d9d4b1af.jpeg 709w, https:\/\/radiowebmx.com\/nota\/wp-content\/uploads\/2017\/01\/16400181-692f-469e-8e18-2135d9d4b1af-300x199.jpeg 300w\" sizes=\"auto, (max-width: 709px) 100vw, 709px\" \/><\/p>\n<p>En el entendido que para el Gobierno Municipal que encabeza el Alcalde, Alfonso Mart\u00ednez Alc\u00e1zar, la educaci\u00f3n es una herramienta para impulsar el desarrollo de la sociedad, el Secretario del Ayuntamiento, Jes\u00fas \u00c1valos Plata se reuni\u00f3 con vecinos de diferentes colonias para definir acciones encaminadas a este rubro.<\/p>\n<p>Los apoyos sociales y becas fueron de los acuerdos tomados en esta reuni\u00f3n, cuyo compromiso fue revisarlos a la brevedad para definir e informar sobre los posibles periodos de reactivaci\u00f3n de ambos por parte de las Secretar\u00edas de Desarrollo Humano y Bienestar Social, as\u00ed como la de Desarrollo Econ\u00f3mico y Emprendedor.<\/p>\n<p>\u00c1valos Plata acompa\u00f1ado del Jefe de Certificados de la Direcci\u00f3n de Gobierno, Arturo Nateras Espinoza, trajo a cuenta que el arranque de los programas de beneficio a la ciudadan\u00eda pasan por un proceso de liberaci\u00f3n de recurso al inicio de la ejecuci\u00f3n de los presupuestos anuales en cada orden de Gobierno, ya sea municipal, estatal o federal.<\/p>\n<p>Asimismo, refiri\u00f3 que el apoyo a la poblaci\u00f3n en materia de gesti\u00f3n con autoridades estatales y federales, como lo es el empleo temporal, es de doble ayuda, por un lado complementario al gasto de las familias morelianas y por otro al municipio en atenci\u00f3n a las solicitudes sociales.<\/p>\n<p>Adem\u00e1s, el encargado de la pol\u00edtica interna municipal solicit\u00f3 a la Direcci\u00f3n de Enlace y Gesti\u00f3n Ciudadana, a cargo de Jos\u00e9 Ruiz Magall\u00f3n, atienda tambi\u00e9n los temas referentes a educaci\u00f3n en pro del desarrollo del municipio.<\/p>\n<p>De esta forma el Ayuntamiento de Morelia cierra filas en atenci\u00f3n a las solicitudes ciudadanas y se fortalece el puente de comunicaci\u00f3n al reiterar que el compromiso de la Administraci\u00f3n Municipal es mantener sus puertas abiertas a las necesidades de la poblaci\u00f3n.<\/p>\n","protected":false},"excerpt":{"rendered":"<p>En el entendido que para el Gobierno Municipal que encabeza el Alcalde, Alfonso Mart\u00ednez Alc\u00e1zar, la educaci\u00f3n es una herramienta para impulsar el desarrollo de la sociedad, el Secretario del Ayuntamiento, Jes\u00fas \u00c1valos Plata se reuni\u00f3 con vecinos de diferentes colonias para definir acciones encaminadas a este rubro.<\/p>\n","protected":false},"author":1,"featured_media":30329,"comment_status":"open","ping_status":"open","sticky":false,"template":"","format":"standard","meta":{"footnotes":""},"categories":[14,3],"tags":[],"class_list":["post-30328","post","type-post","status-publish","format-standard","has-post-thumbnail","hentry","category-destacadas","category-gobierno-del-estado-de-michoacan"],"_links":{"self":[{"href":"https:\/\/radiowebmx.com\/nota\/wp-json\/wp\/v2\/posts\/30328","targetHints":{"allow":["GET"]}}],"collection":[{"href":"https:\/\/radiowebmx.com\/nota\/wp-json\/wp\/v2\/posts"}],"about":[{"href":"https:\/\/radiowebmx.com\/nota\/wp-json\/wp\/v2\/types\/post"}],"author":[{"embeddable":true,"href":"https:\/\/radiowebmx.com\/nota\/wp-json\/wp\/v2\/users\/1"}],"replies":[{"embeddable":true,"href":"https:\/\/radiowebmx.com\/nota\/wp-json\/wp\/v2\/comments?post=30328"}],"version-history":[{"count":1,"href":"https:\/\/radiowebmx.com\/nota\/wp-json\/wp\/v2\/posts\/30328\/revisions"}],"predecessor-version":[{"id":30330,"href":"https:\/\/radiowebmx.com\/nota\/wp-json\/wp\/v2\/posts\/30328\/revisions\/30330"}],"wp:featuredmedia":[{"embeddable":true,"href":"https:\/\/radiowebmx.com\/nota\/wp-json\/wp\/v2\/media\/30329"}],"wp:attachment":[{"href":"https:\/\/radiowebmx.com\/nota\/wp-json\/wp\/v2\/media?parent=30328"}],"wp:term":[{"taxonomy":"category","embeddable":true,"href":"https:\/\/radiowebmx.com\/nota\/wp-json\/wp\/v2\/categories?post=30328"},{"taxonomy":"post_tag","embeddable":true,"href":"https:\/\/radiowebmx.com\/nota\/wp-json\/wp\/v2\/tags?post=30328"}],"curies":[{"name":"wp","href":"https:\/\/api.w.org\/{rel}","templated":true}]}}