{"id":30320,"date":"2017-01-25T12:30:25","date_gmt":"2017-01-25T18:30:25","guid":{"rendered":"https:\/\/radiowebmx.com\/nota\/?p=30320"},"modified":"2017-01-25T12:30:25","modified_gmt":"2017-01-25T18:30:25","slug":"secretarios-y-regidores-sostienen-reunion-de-trabajo-para-alinear-estrategias-a-favor-de-morelia","status":"publish","type":"post","link":"https:\/\/radiowebmx.com\/nota\/secretarios-y-regidores-sostienen-reunion-de-trabajo-para-alinear-estrategias-a-favor-de-morelia\/","title":{"rendered":"Secretarios y Regidores sostienen reuni\u00f3n de trabajo para alinear estrategias a favor de Morelia"},"content":{"rendered":"<p><img loading=\"lazy\" decoding=\"async\" src=\"https:\/\/radiowebmx.com\/nota\/wp-content\/uploads\/2017\/01\/96f55654-3e71-4f15-915e-6914f8363c66.jpeg\" alt=\"96f55654-3e71-4f15-915e-6914f8363c66\" width=\"709\" height=\"472\" class=\"alignleft size-full wp-image-30321\" srcset=\"https:\/\/radiowebmx.com\/nota\/wp-content\/uploads\/2017\/01\/96f55654-3e71-4f15-915e-6914f8363c66.jpeg 709w, https:\/\/radiowebmx.com\/nota\/wp-content\/uploads\/2017\/01\/96f55654-3e71-4f15-915e-6914f8363c66-300x200.jpeg 300w\" sizes=\"auto, (max-width: 709px) 100vw, 709px\" \/><\/p>\n<p>Integrantes de las Comisiones de Servicios P\u00fablicos Municipales, as\u00ed como de Fomento Industrial y Comercio, se reunieron en conjunto con los Secretarios de Servicios P\u00fablicos Municipales y del Ayuntamiento de Morelia, Jos\u00e9 Luis Gil V\u00e1zquez y Jes\u00fas \u00c1valos Plata, respectivamente, para desahogar la agenda de temas a tratar en este 2017.<\/p>\n<p>El encargado de la pol\u00edtica interna del municipio destac\u00f3 la importancia de abordar temas como el desarrollo econ\u00f3mico y su impulso, adem\u00e1s de la regulaci\u00f3n de servicios de los establecimientos comerciales en beneficio de la ciudadan\u00eda.<\/p>\n<p>Reunido con los Regidores Kathia Elena Ortiz \u00c1vila, Jorge Luis Tinoco Ortiz, F\u00e9lix Madrigal Pulido, Alma Rosa Bahena Villalobos, Germ\u00e1n Ireta Lino, Benjam\u00edn Farf\u00e1n Reyes; la Directora de Inspecci\u00f3n y Vigilancia, Maricruz Ontiveros Aguilar; el Director de Asuntos Interinstitucionales y Cabildo, Germ\u00e1n Mart\u00ednez Ramos; la Jefa de Departamento de Comisiones y Enlace Legislativo, Iliana Lomel\u00ed Ruiz, Jes\u00fas \u00c1valos Plata detall\u00f3 las propuestas a seguir para atender las inquietudes de los morelianos.<\/p>\n<p>Esta mesa de trabajo se nutri\u00f3 con propuestas y di\u00e1logo de los integrantes de la Comuna Moreliana en la que se acord\u00f3 abordar los temas con los an\u00e1lisis realizados por las Comisiones y los titulares de cada \u00e1rea.<\/p>\n<p>Jes\u00fas \u00c1valos, record\u00f3 que la generaci\u00f3n de empleos debe ir de la mano con la regulaci\u00f3n del comercio formal, as\u00ed como la dotaci\u00f3n de servicios a la ciudadan\u00eda puesto que el Ayuntamiento de Morelia debe ser vigilante y un aliado del ciudadano en concretar esta acci\u00f3n.<\/p>\n","protected":false},"excerpt":{"rendered":"<p>Integrantes de las Comisiones de Servicios P\u00fablicos Municipales, as\u00ed como de Fomento Industrial y Comercio, se reunieron en conjunto con los Secretarios de Servicios P\u00fablicos Municipales y del Ayuntamiento de Morelia, Jos\u00e9 Luis Gil V\u00e1zquez y Jes\u00fas \u00c1valos Plata, respectivamente, para desahogar la agenda de temas a tratar en este 2017.<\/p>\n","protected":false},"author":1,"featured_media":30321,"comment_status":"open","ping_status":"open","sticky":false,"template":"","format":"standard","meta":{"footnotes":""},"categories":[14,9],"tags":[],"class_list":["post-30320","post","type-post","status-publish","format-standard","has-post-thumbnail","hentry","category-destacadas","category-morelia"],"_links":{"self":[{"href":"https:\/\/radiowebmx.com\/nota\/wp-json\/wp\/v2\/posts\/30320","targetHints":{"allow":["GET"]}}],"collection":[{"href":"https:\/\/radiowebmx.com\/nota\/wp-json\/wp\/v2\/posts"}],"about":[{"href":"https:\/\/radiowebmx.com\/nota\/wp-json\/wp\/v2\/types\/post"}],"author":[{"embeddable":true,"href":"https:\/\/radiowebmx.com\/nota\/wp-json\/wp\/v2\/users\/1"}],"replies":[{"embeddable":true,"href":"https:\/\/radiowebmx.com\/nota\/wp-json\/wp\/v2\/comments?post=30320"}],"version-history":[{"count":1,"href":"https:\/\/radiowebmx.com\/nota\/wp-json\/wp\/v2\/posts\/30320\/revisions"}],"predecessor-version":[{"id":30322,"href":"https:\/\/radiowebmx.com\/nota\/wp-json\/wp\/v2\/posts\/30320\/revisions\/30322"}],"wp:featuredmedia":[{"embeddable":true,"href":"https:\/\/radiowebmx.com\/nota\/wp-json\/wp\/v2\/media\/30321"}],"wp:attachment":[{"href":"https:\/\/radiowebmx.com\/nota\/wp-json\/wp\/v2\/media?parent=30320"}],"wp:term":[{"taxonomy":"category","embeddable":true,"href":"https:\/\/radiowebmx.com\/nota\/wp-json\/wp\/v2\/categories?post=30320"},{"taxonomy":"post_tag","embeddable":true,"href":"https:\/\/radiowebmx.com\/nota\/wp-json\/wp\/v2\/tags?post=30320"}],"curies":[{"name":"wp","href":"https:\/\/api.w.org\/{rel}","templated":true}]}}