{"id":30309,"date":"2017-01-25T11:03:36","date_gmt":"2017-01-25T17:03:36","guid":{"rendered":"https:\/\/radiowebmx.com\/nota\/?p=30309"},"modified":"2017-01-25T11:03:36","modified_gmt":"2017-01-25T17:03:36","slug":"gobierno-municipal-capacita-a-trabajadores-sobre-derechos-de-las-mujeres-y-equidad-de-genero","status":"publish","type":"post","link":"https:\/\/radiowebmx.com\/nota\/gobierno-municipal-capacita-a-trabajadores-sobre-derechos-de-las-mujeres-y-equidad-de-genero\/","title":{"rendered":"Gobierno Municipal capacita a trabajadores sobre derechos de las mujeres y equidad de g\u00e9nero"},"content":{"rendered":"<p><img loading=\"lazy\" decoding=\"async\" src=\"https:\/\/radiowebmx.com\/nota\/wp-content\/uploads\/2017\/01\/b2739ff7-6e8a-4d9f-b300-994a3bd455f6.jpeg\" alt=\"b2739ff7-6e8a-4d9f-b300-994a3bd455f6\" width=\"709\" height=\"472\" class=\"alignleft size-full wp-image-30310\" srcset=\"https:\/\/radiowebmx.com\/nota\/wp-content\/uploads\/2017\/01\/b2739ff7-6e8a-4d9f-b300-994a3bd455f6.jpeg 709w, https:\/\/radiowebmx.com\/nota\/wp-content\/uploads\/2017\/01\/b2739ff7-6e8a-4d9f-b300-994a3bd455f6-300x200.jpeg 300w\" sizes=\"auto, (max-width: 709px) 100vw, 709px\" \/><\/p>\n<p>Tras ratificar la Cero Tolerancia a la violencia contra la mujer en la capital michoacana, el Presidente Municipal, Alfonso Mart\u00ednez Alc\u00e1zar, inaugur\u00f3 en conjunto con la Directora del Instituto de la Mujer Moreliana, Mar\u00eda Eugenia Romero Olvera, la Primera Etapa del Programa de Capacitaci\u00f3n con Perspectiva de G\u00e9nero al funcionariado del Ayuntamiento de Morelia.<\/p>\n<p>Acompa\u00f1ado por Roberto Valenzuela, Director del Organismo Operador de Agua Potable, Alcantarillado y Saneamiento (OOAPAS); F\u00e9lix Madrigal Pulido, Regidor Coordinador de la Comisi\u00f3n Mujer, Juventud Deporte del Ayuntamiento, adem\u00e1s de Alejandro Amante Urbina, Director del Colegio de Morelia, Mart\u00ednez Alc\u00e1zar sostuvo que el IMUMO ya no es m\u00e1s una instituci\u00f3n de \u201cadorno\u201d, ya que en su Administraci\u00f3n, se est\u00e1n estableciendo acciones notables para prevenir la violencia en contra de las mujeres, situaci\u00f3n por la cual reconoci\u00f3 la notable labor de la Directora de dicha dependencia municipal.<\/p>\n<p>\u201cAhora es un instituto que est\u00e1 luchando por la igualdad y por sacar adelante a las mujeres a trav\u00e9s de la eliminaci\u00f3n de la violencia en contra de ellas\u201d, dijo, Alfonso Mart\u00ednez.<\/p>\n<p>Record\u00f3 que el IMUMO ha conformado alianzas con otras instancias como es la ONU Mujeres, para establecer proyectos ambiciosos que beneficien a este sector de la sociedad.<\/p>\n<p>Exhort\u00f3 a la poblaci\u00f3n a respetar de manera firme los derechos, la igualdad y el empoderamiento femenino, en especial en el \u00e1mbito econ\u00f3mico, evitando as\u00ed que las mujeres pudieran ser sometidas en base a aspectos econ\u00f3micos.<\/p>\n<p>Dijo que este programa permitir\u00e1 tener una visi\u00f3n clara de los problemas que sufren las mujeres tanto en sus hogares, como en los centros de trabajo, y ofrecer as\u00ed orientaci\u00f3n legal, psicol\u00f3gica y dem\u00e1s servicios que la misma Polic\u00eda Municipal ya est\u00e1 brindando.<\/p>\n<p>Por su parte, la Directora del Instituto de la Mujer Moreliana, Mar\u00eda Eugenia Romero Olvera, inform\u00f3 que derivado de la declaratoria de Alerta de Violencia de Genero en Michoac\u00e1n, realizada el 27 de Junio del 2016, por parte de la Secretar\u00eda de Gobernaci\u00f3n, se han emprendido en su dependencia diversas acciones, en especial en el \u00e1mbito laboral y p\u00fablico, por ello esta capacitaci\u00f3n y sensibilizaci\u00f3n en materia de derechos de las mujeres resulta de suma importancia.<\/p>\n<p>Puntualiz\u00f3 que este programa abarcar\u00e1 a los funcionarios de todo el Ayuntamiento de Morelia, del cual al culminar las 2 etapas del mismo ser\u00e1n capacitados al menos el 50 por ciento de los trabajadores municipales de todos los niveles, comenzando por las dependencias descentralizadas y paramunicipales, y concluyendo en la segunda etapa con Secretar\u00edas y dependencias centralizadas de la Administraci\u00f3n.<\/p>\n<p>Puntualiz\u00f3 que esta sensibilizaci\u00f3n cuya duraci\u00f3n ser\u00e1 de 8 horas, tendr\u00e1 impacto tambi\u00e9n entre las familias de los empleados, inicialmente con quienes laboran en el OOAPAS y continuando a lo largo de este a\u00f1o con el DIF Municipal y el IMDE, sucesivamente, para concluir en el 2018 con todas las dependencias municipales.<\/p>\n","protected":false},"excerpt":{"rendered":"<p>Tras ratificar la Cero Tolerancia a la violencia contra la mujer en la capital michoacana, el Presidente Municipal, Alfonso Mart\u00ednez Alc\u00e1zar, inaugur\u00f3 en conjunto con la Directora del Instituto de la Mujer Moreliana, Mar\u00eda Eugenia Romero Olvera, la Primera Etapa del Programa de Capacitaci\u00f3n con Perspectiva de G\u00e9nero al funcionariado del Ayuntamiento de Morelia.<\/p>\n","protected":false},"author":1,"featured_media":30310,"comment_status":"open","ping_status":"open","sticky":false,"template":"","format":"standard","meta":{"footnotes":""},"categories":[14,9],"tags":[],"class_list":["post-30309","post","type-post","status-publish","format-standard","has-post-thumbnail","hentry","category-destacadas","category-morelia"],"_links":{"self":[{"href":"https:\/\/radiowebmx.com\/nota\/wp-json\/wp\/v2\/posts\/30309","targetHints":{"allow":["GET"]}}],"collection":[{"href":"https:\/\/radiowebmx.com\/nota\/wp-json\/wp\/v2\/posts"}],"about":[{"href":"https:\/\/radiowebmx.com\/nota\/wp-json\/wp\/v2\/types\/post"}],"author":[{"embeddable":true,"href":"https:\/\/radiowebmx.com\/nota\/wp-json\/wp\/v2\/users\/1"}],"replies":[{"embeddable":true,"href":"https:\/\/radiowebmx.com\/nota\/wp-json\/wp\/v2\/comments?post=30309"}],"version-history":[{"count":1,"href":"https:\/\/radiowebmx.com\/nota\/wp-json\/wp\/v2\/posts\/30309\/revisions"}],"predecessor-version":[{"id":30311,"href":"https:\/\/radiowebmx.com\/nota\/wp-json\/wp\/v2\/posts\/30309\/revisions\/30311"}],"wp:featuredmedia":[{"embeddable":true,"href":"https:\/\/radiowebmx.com\/nota\/wp-json\/wp\/v2\/media\/30310"}],"wp:attachment":[{"href":"https:\/\/radiowebmx.com\/nota\/wp-json\/wp\/v2\/media?parent=30309"}],"wp:term":[{"taxonomy":"category","embeddable":true,"href":"https:\/\/radiowebmx.com\/nota\/wp-json\/wp\/v2\/categories?post=30309"},{"taxonomy":"post_tag","embeddable":true,"href":"https:\/\/radiowebmx.com\/nota\/wp-json\/wp\/v2\/tags?post=30309"}],"curies":[{"name":"wp","href":"https:\/\/api.w.org\/{rel}","templated":true}]}}