{"id":30306,"date":"2017-01-25T11:01:48","date_gmt":"2017-01-25T17:01:48","guid":{"rendered":"https:\/\/radiowebmx.com\/nota\/?p=30306"},"modified":"2017-01-25T11:01:48","modified_gmt":"2017-01-25T17:01:48","slug":"inicia-iifeem-construccion-de-la-primaria-lazaro-cardenas-en-zamora","status":"publish","type":"post","link":"https:\/\/radiowebmx.com\/nota\/inicia-iifeem-construccion-de-la-primaria-lazaro-cardenas-en-zamora\/","title":{"rendered":"Inicia IIFEEM construcci\u00f3n de la Primaria &#8220;L\u00e1zaro C\u00e1rdenas&#8221; en Zamora"},"content":{"rendered":"<p><img loading=\"lazy\" decoding=\"async\" src=\"https:\/\/radiowebmx.com\/nota\/wp-content\/uploads\/2017\/01\/d59d869b-442d-4295-8930-13ed2adc948b.jpg\" alt=\"d59d869b-442d-4295-8930-13ed2adc948b\" width=\"709\" height=\"472\" class=\"alignleft size-full wp-image-30307\" srcset=\"https:\/\/radiowebmx.com\/nota\/wp-content\/uploads\/2017\/01\/d59d869b-442d-4295-8930-13ed2adc948b.jpg 709w, https:\/\/radiowebmx.com\/nota\/wp-content\/uploads\/2017\/01\/d59d869b-442d-4295-8930-13ed2adc948b-300x200.jpg 300w\" sizes=\"auto, (max-width: 709px) 100vw, 709px\" \/><\/p>\n<p>Zamora, Michoac\u00e1n, a 24 de enero de 2017.- Con la representaci\u00f3n del Gobenador Silvano Aureoles Conejo, la directora general del Instituto de la Infraestructura F\u00edsica Educativa del Estado de Michoac\u00e1n (IIFEEM), Mar\u00eda Guadalupe D\u00edaz Chagolla, dio el banderazo de inicio de la construcci\u00f3n de las nuevas instalaciones de la Escuela Primaria &#8220;L\u00e1zaro C\u00e1rdenas&#8221;, en esta cabecera municipal.<\/p>\n<p>La funcionaria estatal detall\u00f3 que ser\u00e1n construidos seis salones, direcci\u00f3n, aula de medios, andadores, plaza c\u00edvica, muro perimetral y servicios sanitarios, con una inversi\u00f3n de 3 millones 624 mil 736 pesos.<\/p>\n<p>Por su parte, el director del plantel, Salvador El\u00edas Montelongo, extern\u00f3 su agradecimiento al Gobernador Silvano Aureoles, as\u00ed como a las autoridades municipales, ya que desde la fundaci\u00f3n de esta escuela, hace 30 a\u00f1os, no se le hab\u00eda brindado la atenci\u00f3n pertinente, adem\u00e1s que desde hace ocho a\u00f1os han padecido las diversas inundaciones.<\/p>\n","protected":false},"excerpt":{"rendered":"<p>Con la representaci\u00f3n del Gobenador Silvano Aureoles Conejo, la directora general del Instituto de la Infraestructura F\u00edsica Educativa del Estado de Michoac\u00e1n (IIFEEM), Mar\u00eda Guadalupe D\u00edaz Chagolla, dio el banderazo de inicio de la construcci\u00f3n de las nuevas instalaciones de la Escuela Primaria &#8220;L\u00e1zaro C\u00e1rdenas&#8221;, en esta cabecera municipal.<\/p>\n","protected":false},"author":1,"featured_media":30307,"comment_status":"open","ping_status":"open","sticky":false,"template":"","format":"standard","meta":{"footnotes":""},"categories":[14,3],"tags":[],"class_list":["post-30306","post","type-post","status-publish","format-standard","has-post-thumbnail","hentry","category-destacadas","category-gobierno-del-estado-de-michoacan"],"_links":{"self":[{"href":"https:\/\/radiowebmx.com\/nota\/wp-json\/wp\/v2\/posts\/30306","targetHints":{"allow":["GET"]}}],"collection":[{"href":"https:\/\/radiowebmx.com\/nota\/wp-json\/wp\/v2\/posts"}],"about":[{"href":"https:\/\/radiowebmx.com\/nota\/wp-json\/wp\/v2\/types\/post"}],"author":[{"embeddable":true,"href":"https:\/\/radiowebmx.com\/nota\/wp-json\/wp\/v2\/users\/1"}],"replies":[{"embeddable":true,"href":"https:\/\/radiowebmx.com\/nota\/wp-json\/wp\/v2\/comments?post=30306"}],"version-history":[{"count":1,"href":"https:\/\/radiowebmx.com\/nota\/wp-json\/wp\/v2\/posts\/30306\/revisions"}],"predecessor-version":[{"id":30308,"href":"https:\/\/radiowebmx.com\/nota\/wp-json\/wp\/v2\/posts\/30306\/revisions\/30308"}],"wp:featuredmedia":[{"embeddable":true,"href":"https:\/\/radiowebmx.com\/nota\/wp-json\/wp\/v2\/media\/30307"}],"wp:attachment":[{"href":"https:\/\/radiowebmx.com\/nota\/wp-json\/wp\/v2\/media?parent=30306"}],"wp:term":[{"taxonomy":"category","embeddable":true,"href":"https:\/\/radiowebmx.com\/nota\/wp-json\/wp\/v2\/categories?post=30306"},{"taxonomy":"post_tag","embeddable":true,"href":"https:\/\/radiowebmx.com\/nota\/wp-json\/wp\/v2\/tags?post=30306"}],"curies":[{"name":"wp","href":"https:\/\/api.w.org\/{rel}","templated":true}]}}