{"id":30302,"date":"2017-01-25T10:58:09","date_gmt":"2017-01-25T16:58:09","guid":{"rendered":"https:\/\/radiowebmx.com\/nota\/?p=30302"},"modified":"2017-01-25T10:58:09","modified_gmt":"2017-01-25T16:58:09","slug":"plan-estrategico-de-sahuayo-con-aportacion-ciudadana-sedetum","status":"publish","type":"post","link":"https:\/\/radiowebmx.com\/nota\/plan-estrategico-de-sahuayo-con-aportacion-ciudadana-sedetum\/","title":{"rendered":"Plan Estrat\u00e9gico de Sahuayo, con aportaci\u00f3n ciudadana: Sedetum"},"content":{"rendered":"<p><img loading=\"lazy\" decoding=\"async\" src=\"https:\/\/radiowebmx.com\/nota\/wp-content\/uploads\/2017\/01\/e93abb27-7db6-4c4c-b946-61df0e252067.jpg\" alt=\"e93abb27-7db6-4c4c-b946-61df0e252067\" width=\"709\" height=\"399\" class=\"alignleft size-full wp-image-30304\" srcset=\"https:\/\/radiowebmx.com\/nota\/wp-content\/uploads\/2017\/01\/e93abb27-7db6-4c4c-b946-61df0e252067.jpg 709w, https:\/\/radiowebmx.com\/nota\/wp-content\/uploads\/2017\/01\/e93abb27-7db6-4c4c-b946-61df0e252067-300x169.jpg 300w, https:\/\/radiowebmx.com\/nota\/wp-content\/uploads\/2017\/01\/e93abb27-7db6-4c4c-b946-61df0e252067-642x362.jpg 642w, https:\/\/radiowebmx.com\/nota\/wp-content\/uploads\/2017\/01\/e93abb27-7db6-4c4c-b946-61df0e252067-128x72.jpg 128w\" sizes=\"auto, (max-width: 709px) 100vw, 709px\" \/><br \/>\nSahuayo, Michoac\u00e1n, a 24 de enero de 2017.- La Planeaci\u00f3n Participativa es una de las bases de la Secretar\u00eda de Desarrollo Territorial, Urbano y Movilidad (Sedetum), apunt\u00f3 su titular, Sergio Adem Argueta, al sostener un encuentro con autoridades del Ayuntamiento de Sahuayo, ciudadanos y representantes de diversos sectores con quienes se trabaja en la elaboraci\u00f3n del Plan Estrat\u00e9gico de Desarrollo Territorial y Urbano de este municipio.<\/p>\n<p>En continuidad a las acciones que la dependencia realiza con los Ayuntamientos michoacanos, el secretario y personal de la Sedetum iniciaron una serie de talleres para asesorar a los municipios con el objetivo de lograr un crecimiento urbano ordenado y sustentable, y mejorar las condiciones de movilidad en las urbes.<\/p>\n<p>En este marco, Sergio Adem, acompa\u00f1ado del alcalde de Sahuayo, Rodrigo S\u00e1nchez Zepeda, reconocieron la amplia participaci\u00f3n de la poblaci\u00f3n para realizar este foro y el funcionario estatal apunt\u00f3 que la contribuci\u00f3n de la sociedad civil en la construcci\u00f3n de ciudad es imperante.<\/p>\n<p>Indic\u00f3 que la dependencia ha puesto en marcha el programa denominado Sistema de Ciudades, a trav\u00e9s del cual se trabaja asesorando t\u00e9cnicamente a los municipios para la actualizaci\u00f3n y\/o elaboraci\u00f3n de sus instrumentos de planeaci\u00f3n.<\/p>\n<p>En este sentido, record\u00f3 que hace unas semanas fue aprobada la Ley General de Asentamientos Humanos, Ordenamiento Territorial y Desarrollo Urbano, que mandata a los Estados y a los Ayuntamientos para que en un plazo determinado tengan actualizada su reglamentaci\u00f3n en esta materia, lo que tambi\u00e9n permite replantear la perspectiva de la pol\u00edtica p\u00fablica que se est\u00e1 implementando en este rengl\u00f3n.<\/p>\n<p>El titular de la Sedetum abund\u00f3 que aunado a Sistema de Ciudades, la dependencia trabaja en los programas de Suelo y Vivienda para Todos; Corazones de Barrio y Ciudades en Movimiento.<\/p>\n<p>Se\u00f1al\u00f3 que la metodolog\u00eda que ha puesto en marcha la Sedetum en relaci\u00f3n a la planeaci\u00f3n participativa, requiere la visi\u00f3n de la propia poblaci\u00f3n y de las autoridades locales para construir consenso en los proyectos prioritarios y de esta forma se estar\u00e1 trabajando en los pr\u00f3ximos meses.<\/p>\n<p>&#8220;El documento que salga de estas sesiones ser\u00e1 un documento de visi\u00f3n conjunta, que marcar\u00e1 un rumbo hacia el 2030 de lo que Sahuayo ser\u00e1 en temas de desarrollo territorial y urbano&#8221;, dijo.<\/p>\n<p>El alcalde Rodrigo S\u00e1nchez, afirm\u00f3 que el proyecto de desarrollo urbano, de infraestructura y equipamiento de este municipio, tiene que ver con una pol\u00edtica de contenci\u00f3n de crecimiento, de redensificaci\u00f3n de las \u00e1reas urbanizadas y de generar con la obra p\u00fablica y privada condiciones adecuadas para que se desarrollen proyectos que ayuden a potenciar el turismo.<\/p>\n<p>Reconoci\u00f3 la disposici\u00f3n de la Sedetum para trabajar de manera cercana en este rengl\u00f3n, tras se\u00f1alar que el desarrollo no solamente debe verse desde lo local, sino tiene que ser integral y regional.<\/p>\n<p>Por parte de los diferentes sectores que asistieron al foro, se recibi\u00f3 una nutrida participaci\u00f3n en torno a sus propuestas y planteamientos respecto a proyectos estrat\u00e9gicos, adem\u00e1s de acciones relacionadas con espacios p\u00fablicos, movilidad, accesibilidad y vialidad.<\/p>\n<p>Cabe se\u00f1alar que esta es la primera reuni\u00f3n que se realiza en Sahuayo, y se dar\u00e1 continuidad en pr\u00f3ximas sesiones para concretar una matriz de proyectos para el desarrollo urbano de este municipio.<\/p>\n<p>Durante la reuni\u00f3n se cont\u00f3 con representantes del Centro de Estudios Regionales de la Universidad Nacional Aut\u00f3noma de M\u00e9xico (UNAM); del Instituto Tecnol\u00f3gico de Jiquilpan; de la Universidad de la Ci\u00e9nega; de la Asociaci\u00f3n de Ingenieros Civiles y Arquitectos; as\u00ed como de diversas \u00e1reas de la administraci\u00f3n p\u00fablica municipal, regidores y ciudadan\u00eda en general.<\/p>\n","protected":false},"excerpt":{"rendered":"<p>La Planeaci\u00f3n Participativa es una de las bases de la Secretar\u00eda de Desarrollo Territorial, Urbano y Movilidad (Sedetum), apunt\u00f3 su titular, Sergio Adem Argueta, al sostener un encuentro con autoridades del Ayuntamiento de Sahuayo<\/p>\n","protected":false},"author":1,"featured_media":30304,"comment_status":"open","ping_status":"open","sticky":false,"template":"","format":"standard","meta":{"footnotes":""},"categories":[14,3],"tags":[],"class_list":["post-30302","post","type-post","status-publish","format-standard","has-post-thumbnail","hentry","category-destacadas","category-gobierno-del-estado-de-michoacan"],"_links":{"self":[{"href":"https:\/\/radiowebmx.com\/nota\/wp-json\/wp\/v2\/posts\/30302","targetHints":{"allow":["GET"]}}],"collection":[{"href":"https:\/\/radiowebmx.com\/nota\/wp-json\/wp\/v2\/posts"}],"about":[{"href":"https:\/\/radiowebmx.com\/nota\/wp-json\/wp\/v2\/types\/post"}],"author":[{"embeddable":true,"href":"https:\/\/radiowebmx.com\/nota\/wp-json\/wp\/v2\/users\/1"}],"replies":[{"embeddable":true,"href":"https:\/\/radiowebmx.com\/nota\/wp-json\/wp\/v2\/comments?post=30302"}],"version-history":[{"count":1,"href":"https:\/\/radiowebmx.com\/nota\/wp-json\/wp\/v2\/posts\/30302\/revisions"}],"predecessor-version":[{"id":30305,"href":"https:\/\/radiowebmx.com\/nota\/wp-json\/wp\/v2\/posts\/30302\/revisions\/30305"}],"wp:featuredmedia":[{"embeddable":true,"href":"https:\/\/radiowebmx.com\/nota\/wp-json\/wp\/v2\/media\/30304"}],"wp:attachment":[{"href":"https:\/\/radiowebmx.com\/nota\/wp-json\/wp\/v2\/media?parent=30302"}],"wp:term":[{"taxonomy":"category","embeddable":true,"href":"https:\/\/radiowebmx.com\/nota\/wp-json\/wp\/v2\/categories?post=30302"},{"taxonomy":"post_tag","embeddable":true,"href":"https:\/\/radiowebmx.com\/nota\/wp-json\/wp\/v2\/tags?post=30302"}],"curies":[{"name":"wp","href":"https:\/\/api.w.org\/{rel}","templated":true}]}}