{"id":30299,"date":"2017-01-25T10:50:56","date_gmt":"2017-01-25T16:50:56","guid":{"rendered":"https:\/\/radiowebmx.com\/nota\/?p=30299"},"modified":"2017-01-25T10:50:56","modified_gmt":"2017-01-25T16:50:56","slug":"encabeza-cedemun-87-aniversario-de-elevacion-de-charo-a-rango-de-municipio","status":"publish","type":"post","link":"https:\/\/radiowebmx.com\/nota\/encabeza-cedemun-87-aniversario-de-elevacion-de-charo-a-rango-de-municipio\/","title":{"rendered":"Encabeza Cedemun 87 aniversario de elevaci\u00f3n de Charo a rango de municipio"},"content":{"rendered":"<p><img loading=\"lazy\" decoding=\"async\" src=\"https:\/\/radiowebmx.com\/nota\/wp-content\/uploads\/2017\/01\/cb3c58ce-6cf6-44e3-8b3f-e4b0c72b1514.jpg\" alt=\"cb3c58ce-6cf6-44e3-8b3f-e4b0c72b1514\" width=\"709\" height=\"382\" class=\"alignleft size-full wp-image-30300\" srcset=\"https:\/\/radiowebmx.com\/nota\/wp-content\/uploads\/2017\/01\/cb3c58ce-6cf6-44e3-8b3f-e4b0c72b1514.jpg 709w, https:\/\/radiowebmx.com\/nota\/wp-content\/uploads\/2017\/01\/cb3c58ce-6cf6-44e3-8b3f-e4b0c72b1514-300x162.jpg 300w\" sizes=\"auto, (max-width: 709px) 100vw, 709px\" \/><\/p>\n<p>Charo, Michoac\u00e1n, a 24 de enero de 2017.- Con la representaci\u00f3n del Gobernador Silvano Aureoles Conejo, el vocal ejecutivo del Centro Estatal para el Desarrollo Municipal (Cedemun), Carlos Paredes Correa, encabez\u00f3 junto con el alcalde Ram\u00f3n Hern\u00e1ndez P\u00e9rez, la ceremonia conmemorativa por el 87 aniversario de elevaci\u00f3n de Charo al rango de municipio.<\/p>\n<p>En su mensaje, el funcionario estatal resalt\u00f3 la importancia de Charo en la historia de M\u00e9xico y felicit\u00f3 al alcalde por las gestiones que ha realizado en beneficio de los habitantes del municipio.<\/p>\n<p>Asimismo, refrend\u00f3 el respaldo del Gobierno del Estado al Ayuntamiento de Charo a trav\u00e9s de programas A Toda M\u00e1quina, Avanza DIFerente, Beca Futuro y S\u00ed Alimenta, entre otros, as\u00ed como las acciones para dignificar a los planteles escolares y centros de salud de todos los municipios michoacanos.<\/p>\n<p>Por \u00faltimo, el vocal ejecutivo del Cedemun subray\u00f3 que el trabajo coordinado entre Federaci\u00f3n, Estado y municipios propiciar\u00e1 m\u00e1s y mejores resultados en beneficio de las y los michoacanos.<\/p>\n","protected":false},"excerpt":{"rendered":"<p>Con la representaci\u00f3n del Gobernador Silvano Aureoles Conejo, el vocal ejecutivo del Centro Estatal para el Desarrollo Municipal (Cedemun), Carlos Paredes Correa, encabez\u00f3 junto con el alcalde Ram\u00f3n Hern\u00e1ndez P\u00e9rez, la ceremonia conmemorativa por el 87 aniversario de elevaci\u00f3n de Charo al rango de municipio.<\/p>\n","protected":false},"author":1,"featured_media":30300,"comment_status":"open","ping_status":"open","sticky":false,"template":"","format":"standard","meta":{"footnotes":""},"categories":[14,3],"tags":[],"class_list":["post-30299","post","type-post","status-publish","format-standard","has-post-thumbnail","hentry","category-destacadas","category-gobierno-del-estado-de-michoacan"],"_links":{"self":[{"href":"https:\/\/radiowebmx.com\/nota\/wp-json\/wp\/v2\/posts\/30299","targetHints":{"allow":["GET"]}}],"collection":[{"href":"https:\/\/radiowebmx.com\/nota\/wp-json\/wp\/v2\/posts"}],"about":[{"href":"https:\/\/radiowebmx.com\/nota\/wp-json\/wp\/v2\/types\/post"}],"author":[{"embeddable":true,"href":"https:\/\/radiowebmx.com\/nota\/wp-json\/wp\/v2\/users\/1"}],"replies":[{"embeddable":true,"href":"https:\/\/radiowebmx.com\/nota\/wp-json\/wp\/v2\/comments?post=30299"}],"version-history":[{"count":1,"href":"https:\/\/radiowebmx.com\/nota\/wp-json\/wp\/v2\/posts\/30299\/revisions"}],"predecessor-version":[{"id":30301,"href":"https:\/\/radiowebmx.com\/nota\/wp-json\/wp\/v2\/posts\/30299\/revisions\/30301"}],"wp:featuredmedia":[{"embeddable":true,"href":"https:\/\/radiowebmx.com\/nota\/wp-json\/wp\/v2\/media\/30300"}],"wp:attachment":[{"href":"https:\/\/radiowebmx.com\/nota\/wp-json\/wp\/v2\/media?parent=30299"}],"wp:term":[{"taxonomy":"category","embeddable":true,"href":"https:\/\/radiowebmx.com\/nota\/wp-json\/wp\/v2\/categories?post=30299"},{"taxonomy":"post_tag","embeddable":true,"href":"https:\/\/radiowebmx.com\/nota\/wp-json\/wp\/v2\/tags?post=30299"}],"curies":[{"name":"wp","href":"https:\/\/api.w.org\/{rel}","templated":true}]}}