{"id":30296,"date":"2017-01-25T10:46:42","date_gmt":"2017-01-25T16:46:42","guid":{"rendered":"https:\/\/radiowebmx.com\/nota\/?p=30296"},"modified":"2017-01-25T10:46:42","modified_gmt":"2017-01-25T16:46:42","slug":"imced-se-incorpora-como-unidad-externa-de-informacion-del-inegi","status":"publish","type":"post","link":"https:\/\/radiowebmx.com\/nota\/imced-se-incorpora-como-unidad-externa-de-informacion-del-inegi\/","title":{"rendered":"IMCED se incorpora como unidad externa de informaci\u00f3n del INEGI"},"content":{"rendered":"<p><img loading=\"lazy\" decoding=\"async\" src=\"https:\/\/radiowebmx.com\/nota\/wp-content\/uploads\/2017\/01\/8defc23e-03ae-4933-8a91-406632e63b95.jpg\" alt=\"8defc23e-03ae-4933-8a91-406632e63b95\" width=\"709\" height=\"531\" class=\"alignleft size-full wp-image-30297\" srcset=\"https:\/\/radiowebmx.com\/nota\/wp-content\/uploads\/2017\/01\/8defc23e-03ae-4933-8a91-406632e63b95.jpg 709w, https:\/\/radiowebmx.com\/nota\/wp-content\/uploads\/2017\/01\/8defc23e-03ae-4933-8a91-406632e63b95-300x225.jpg 300w\" sizes=\"auto, (max-width: 709px) 100vw, 709px\" \/><\/p>\n<p>Morelia, Michoac\u00e1n, a 24 de enero de 2017.- El Instituto Michoacano de Ciencias de la Educaci\u00f3n (IMCED) ser\u00e1 incorporado como Unidad de Informaci\u00f3n Asociada a la Red de Consulta Externa del Instituto Nacional de Estad\u00edstica y Geograf\u00eda (Inegi), tras la firma de un convenio de colaboraci\u00f3n efectuado hoy entre ambas dependencias.<\/p>\n<p>De esta manera, se realizar\u00e1n actividades conjuntas orientadas al acceso y promoci\u00f3n de la informaci\u00f3n estad\u00edstica y geogr\u00e1fica que genera el Inegi. Al respecto, ante Leobardo Gayt\u00e1n Guzm\u00e1n, coordinador estatal de la dependencia federal, el director general del IMCED, Javier Irepan Hacha, destac\u00f3 la importancia de contar con una red de consulta externa de datos estad\u00edsticos.<\/p>\n<p>Subray\u00f3 que la firma del convenio se realiz\u00f3 con responsabilidad y esp\u00edritu de servicio para llegar a una suma de compromisos a favor de la sociedad michoacana.<\/p>\n<p>Precis\u00f3 que la informaci\u00f3n del Inegi ser\u00e1 de gran utilidad para la comunidad de la instituci\u00f3n, de la cual han egresado alrededor de 20 mil docentes en el nivel licenciatura y 10 mil de maestr\u00eda.<\/p>\n<p>Indic\u00f3 que la labor realizada por el Inegi permite tener un conocimiento amplio y profundo de la educaci\u00f3n, pues se tiene la impresi\u00f3n de que los problemas surgen de la nada, cuando lo cierto es que existe un contexto donde se desenvuelven los problemas de la sociedad.<\/p>\n<p>En ello coincidi\u00f3 Gayt\u00e1n Guzm\u00e1n, quien destac\u00f3 que la instituci\u00f3n a su cargo contribuye al desarrollo al dar a conocer informaci\u00f3n precisa del \u00e1mbito educativo, pero en especial de las carencias para poder resolver los problemas que le afectan.<\/p>\n<p>Conforme a las cl\u00e1usulas del convenio firmado este d\u00eda en las instalaciones del IMCED, se establecer\u00e1 un programa permanente de actividades de promoci\u00f3n sobre la informaci\u00f3n generada por el Inegi para el personal de las unidades de informaci\u00f3n, lo que implicar\u00e1 tambi\u00e9n las facilidades correspondientes para que los alumnos del Instituto puedan realizar su servicio social o pr\u00e1cticas profesionales en dichas unidades, mediante actividades para la promoci\u00f3n de la informaci\u00f3n estad\u00edstica y geogr\u00e1fica entre los integrantes de la misma comunidad.<\/p>\n","protected":false},"excerpt":{"rendered":"<p>El Instituto Michoacano de Ciencias de la Educaci\u00f3n (IMCED) ser\u00e1 incorporado como Unidad de Informaci\u00f3n Asociada a la Red de Consulta Externa del Instituto Nacional de Estad\u00edstica y Geograf\u00eda (Inegi), tras la firma de un convenio de colaboraci\u00f3n efectuado hoy entre ambas dependencias.<\/p>\n","protected":false},"author":1,"featured_media":30297,"comment_status":"open","ping_status":"open","sticky":false,"template":"","format":"standard","meta":{"footnotes":""},"categories":[14,3],"tags":[],"class_list":["post-30296","post","type-post","status-publish","format-standard","has-post-thumbnail","hentry","category-destacadas","category-gobierno-del-estado-de-michoacan"],"_links":{"self":[{"href":"https:\/\/radiowebmx.com\/nota\/wp-json\/wp\/v2\/posts\/30296","targetHints":{"allow":["GET"]}}],"collection":[{"href":"https:\/\/radiowebmx.com\/nota\/wp-json\/wp\/v2\/posts"}],"about":[{"href":"https:\/\/radiowebmx.com\/nota\/wp-json\/wp\/v2\/types\/post"}],"author":[{"embeddable":true,"href":"https:\/\/radiowebmx.com\/nota\/wp-json\/wp\/v2\/users\/1"}],"replies":[{"embeddable":true,"href":"https:\/\/radiowebmx.com\/nota\/wp-json\/wp\/v2\/comments?post=30296"}],"version-history":[{"count":1,"href":"https:\/\/radiowebmx.com\/nota\/wp-json\/wp\/v2\/posts\/30296\/revisions"}],"predecessor-version":[{"id":30298,"href":"https:\/\/radiowebmx.com\/nota\/wp-json\/wp\/v2\/posts\/30296\/revisions\/30298"}],"wp:featuredmedia":[{"embeddable":true,"href":"https:\/\/radiowebmx.com\/nota\/wp-json\/wp\/v2\/media\/30297"}],"wp:attachment":[{"href":"https:\/\/radiowebmx.com\/nota\/wp-json\/wp\/v2\/media?parent=30296"}],"wp:term":[{"taxonomy":"category","embeddable":true,"href":"https:\/\/radiowebmx.com\/nota\/wp-json\/wp\/v2\/categories?post=30296"},{"taxonomy":"post_tag","embeddable":true,"href":"https:\/\/radiowebmx.com\/nota\/wp-json\/wp\/v2\/tags?post=30296"}],"curies":[{"name":"wp","href":"https:\/\/api.w.org\/{rel}","templated":true}]}}