{"id":30206,"date":"2017-01-23T12:40:24","date_gmt":"2017-01-23T18:40:24","guid":{"rendered":"https:\/\/radiowebmx.com\/nota\/?p=30206"},"modified":"2017-01-23T12:40:24","modified_gmt":"2017-01-23T18:40:24","slug":"mejoraran-mantenimiento-y-conservacion-de-areas-verdes-del-ceconexpo","status":"publish","type":"post","link":"https:\/\/radiowebmx.com\/nota\/mejoraran-mantenimiento-y-conservacion-de-areas-verdes-del-ceconexpo\/","title":{"rendered":"Mejorar\u00e1n mantenimiento y conservaci\u00f3n de \u00e1reas verdes del Ceconexpo"},"content":{"rendered":"<p><img loading=\"lazy\" decoding=\"async\" src=\"https:\/\/radiowebmx.com\/nota\/wp-content\/uploads\/2017\/01\/694e74c4-30ab-43e1-be92-28765e9925fc.jpg\" alt=\"694e74c4-30ab-43e1-be92-28765e9925fc\" width=\"709\" height=\"531\" class=\"alignleft size-full wp-image-30207\" srcset=\"https:\/\/radiowebmx.com\/nota\/wp-content\/uploads\/2017\/01\/694e74c4-30ab-43e1-be92-28765e9925fc.jpg 709w, https:\/\/radiowebmx.com\/nota\/wp-content\/uploads\/2017\/01\/694e74c4-30ab-43e1-be92-28765e9925fc-300x225.jpg 300w\" sizes=\"auto, (max-width: 709px) 100vw, 709px\" \/><\/p>\n<p>Morelia, Michoac\u00e1n, a 23 de enero de 2017.- Con el objetivo de fortalecer el trabajo del personal del \u00e1rea de Jardiner\u00eda del recinto, el director general del Centro de Convenciones y Exposiciones (Ceconexpo) de Morelia, Oscar Celis Silva, entreg\u00f3 equipo para el mantenimiento y conservaci\u00f3n de las \u00e1reas verdes del recinto.<\/p>\n<p>El Ceconexpo de Morelia es un espacio p\u00fablico que cuenta con m\u00e1s de 2 mil 400 \u00e1rboles y es visitado diariamente por cientos de personas de todas las edades, quienes realizan  actividades f\u00edsicas, recreativas o de esparcimiento.<\/p>\n<p>En la entrega, Celis Silva reconoci\u00f3 la labor del personal de Jardiner\u00eda, ya que su trabajo representa  la primera imagen que reciben los visitantes, por lo que es importante que cuenten con las herramientas necesarias.<\/p>\n<p>Asimismo, los invit\u00f3 a continuar con el trabajo de calidad que hacen a diario en las \u00e1reas verdes, as\u00ed como a cuidar el equipo y material que se les entreg\u00f3, ya que su adquisici\u00f3n fue posible gracias a la adecuada planificaci\u00f3n y aplicaci\u00f3n de los recursos.<\/p>\n","protected":false},"excerpt":{"rendered":"<p>Con el objetivo de fortalecer el trabajo del personal del \u00e1rea de Jardiner\u00eda del recinto, el director general del Centro de Convenciones y Exposiciones (Ceconexpo) de Morelia, Oscar Celis Silva, entreg\u00f3 equipo para el mantenimiento y conservaci\u00f3n de las \u00e1reas verdes del recinto.<\/p>\n","protected":false},"author":1,"featured_media":30207,"comment_status":"open","ping_status":"open","sticky":false,"template":"","format":"standard","meta":{"footnotes":""},"categories":[14,3],"tags":[],"class_list":["post-30206","post","type-post","status-publish","format-standard","has-post-thumbnail","hentry","category-destacadas","category-gobierno-del-estado-de-michoacan"],"_links":{"self":[{"href":"https:\/\/radiowebmx.com\/nota\/wp-json\/wp\/v2\/posts\/30206","targetHints":{"allow":["GET"]}}],"collection":[{"href":"https:\/\/radiowebmx.com\/nota\/wp-json\/wp\/v2\/posts"}],"about":[{"href":"https:\/\/radiowebmx.com\/nota\/wp-json\/wp\/v2\/types\/post"}],"author":[{"embeddable":true,"href":"https:\/\/radiowebmx.com\/nota\/wp-json\/wp\/v2\/users\/1"}],"replies":[{"embeddable":true,"href":"https:\/\/radiowebmx.com\/nota\/wp-json\/wp\/v2\/comments?post=30206"}],"version-history":[{"count":1,"href":"https:\/\/radiowebmx.com\/nota\/wp-json\/wp\/v2\/posts\/30206\/revisions"}],"predecessor-version":[{"id":30208,"href":"https:\/\/radiowebmx.com\/nota\/wp-json\/wp\/v2\/posts\/30206\/revisions\/30208"}],"wp:featuredmedia":[{"embeddable":true,"href":"https:\/\/radiowebmx.com\/nota\/wp-json\/wp\/v2\/media\/30207"}],"wp:attachment":[{"href":"https:\/\/radiowebmx.com\/nota\/wp-json\/wp\/v2\/media?parent=30206"}],"wp:term":[{"taxonomy":"category","embeddable":true,"href":"https:\/\/radiowebmx.com\/nota\/wp-json\/wp\/v2\/categories?post=30206"},{"taxonomy":"post_tag","embeddable":true,"href":"https:\/\/radiowebmx.com\/nota\/wp-json\/wp\/v2\/tags?post=30206"}],"curies":[{"name":"wp","href":"https:\/\/api.w.org\/{rel}","templated":true}]}}