{"id":30200,"date":"2017-01-23T12:28:05","date_gmt":"2017-01-23T18:28:05","guid":{"rendered":"https:\/\/radiowebmx.com\/nota\/?p=30200"},"modified":"2017-01-23T12:28:05","modified_gmt":"2017-01-23T18:28:05","slug":"apoya-juan-figueroa-al-hospital-comunitario-nocupetaro-caracuaro","status":"publish","type":"post","link":"https:\/\/radiowebmx.com\/nota\/apoya-juan-figueroa-al-hospital-comunitario-nocupetaro-caracuaro\/","title":{"rendered":"Apoya Juan Figueroa al Hospital Comunitario Nocupetaro-Caracu\u00e1ro"},"content":{"rendered":"<p><img loading=\"lazy\" decoding=\"async\" src=\"https:\/\/radiowebmx.com\/nota\/wp-content\/uploads\/2017\/01\/074-02.jpg\" alt=\"074-02\" width=\"709\" height=\"473\" class=\"alignleft size-full wp-image-30201\" srcset=\"https:\/\/radiowebmx.com\/nota\/wp-content\/uploads\/2017\/01\/074-02.jpg 709w, https:\/\/radiowebmx.com\/nota\/wp-content\/uploads\/2017\/01\/074-02-300x200.jpg 300w\" sizes=\"auto, (max-width: 709px) 100vw, 709px\" \/><\/p>\n<p>Morelia; Michoac\u00e1n, 21 de enero de 2017.- Con el objetivo de que los habitantes de los municipios Nocup\u00e9taro y Car\u00e1cuaro reciban servicios de salud de calidad, el Diputado Local por el Distrito XVIII, Juan Figueroa G\u00f3mez, gestion\u00f3 insumos para la renovaci\u00f3n del hospital comunitario. <\/p>\n<p>Durante el Octavo Aniversario del hospital, Juan Figueroa resalt\u00f3 la necesidad de ofrecer mejores servicios m\u00e9dicos en Nocup\u00e9taro y Car\u00e1cuaro con la finalidad de que sus paisanos tengan menos dificultades al momento de ejercer su derecho a la salud.<\/p>\n<p>&#8220;He visto que hay muchas necesidades en el hospital al momento de cumplir con los servicios de atenci\u00f3n adecuados; invito a toda el \u00e1rea administrativa del hospital a trabajar juntos para poder brindar un mejor servicio&#8221;, puntualiz\u00f3 el Diputado del Partidos de la Revoluci\u00f3n Democr\u00e1tica.<\/p>\n<p>Juan Figueroa reiter\u00f3 su compromiso y disponibilidad a trabajar junto a las autoridades locales y la sociedad en general para generar mejores condiciones en la regi\u00f3n y elevar la calidad de vida de sus habitantes.<\/p>\n<p>Al evento asitieron Apolinar Hernandez Gonzales, Presidente Municipal de Nocupetaro; Livia Atenea Sanchez Pe\u00f1a, Directora del Hospital Comunitario Nocupetaro-Car\u00e1cuaro; Ely Gardu\u00f1o Gardu\u00f1o, Regidora de Salud y Asistenc\u00eda Social del Municipio de Car\u00e1cuaro; Florinda Cardenas Carrizales, Directora del jard\u00edn de ni\u00f1os Julieta Fierro Gassman; Armando Ortega Maga\u00f1a, Director del Albergue Escolar; Alexei Tentory Vargas, Regidor de Educaci\u00f3n del Municipio de Car\u00e1cuaro; Marco Serrato Torres, Jefe de Tenencia; Ismael Hern\u00e1ndez Garc\u00eda, Administrador del Hospital Car\u00e1cuaro-Nocup\u00e9taro y Reyna Maria Sandoval, Directora de Bachilleres de Nocup\u00e9taro.<\/p>\n","protected":false},"excerpt":{"rendered":"<p>Con el objetivo de que los habitantes de los municipios Nocup\u00e9taro y Car\u00e1cuaro reciban servicios de salud de calidad, el Diputado Local por el Distrito XVIII, Juan Figueroa G\u00f3mez, gestion\u00f3 insumos para la renovaci\u00f3n del hospital comunitario. <\/p>\n","protected":false},"author":1,"featured_media":30201,"comment_status":"open","ping_status":"open","sticky":false,"template":"","format":"standard","meta":{"footnotes":""},"categories":[6,14,19],"tags":[],"class_list":["post-30200","post","type-post","status-publish","format-standard","has-post-thumbnail","hentry","category-congreso-del-estado","category-destacadas","category-grupo-parlamentario-del-prd"],"_links":{"self":[{"href":"https:\/\/radiowebmx.com\/nota\/wp-json\/wp\/v2\/posts\/30200","targetHints":{"allow":["GET"]}}],"collection":[{"href":"https:\/\/radiowebmx.com\/nota\/wp-json\/wp\/v2\/posts"}],"about":[{"href":"https:\/\/radiowebmx.com\/nota\/wp-json\/wp\/v2\/types\/post"}],"author":[{"embeddable":true,"href":"https:\/\/radiowebmx.com\/nota\/wp-json\/wp\/v2\/users\/1"}],"replies":[{"embeddable":true,"href":"https:\/\/radiowebmx.com\/nota\/wp-json\/wp\/v2\/comments?post=30200"}],"version-history":[{"count":1,"href":"https:\/\/radiowebmx.com\/nota\/wp-json\/wp\/v2\/posts\/30200\/revisions"}],"predecessor-version":[{"id":30202,"href":"https:\/\/radiowebmx.com\/nota\/wp-json\/wp\/v2\/posts\/30200\/revisions\/30202"}],"wp:featuredmedia":[{"embeddable":true,"href":"https:\/\/radiowebmx.com\/nota\/wp-json\/wp\/v2\/media\/30201"}],"wp:attachment":[{"href":"https:\/\/radiowebmx.com\/nota\/wp-json\/wp\/v2\/media?parent=30200"}],"wp:term":[{"taxonomy":"category","embeddable":true,"href":"https:\/\/radiowebmx.com\/nota\/wp-json\/wp\/v2\/categories?post=30200"},{"taxonomy":"post_tag","embeddable":true,"href":"https:\/\/radiowebmx.com\/nota\/wp-json\/wp\/v2\/tags?post=30200"}],"curies":[{"name":"wp","href":"https:\/\/api.w.org\/{rel}","templated":true}]}}