{"id":30197,"date":"2017-01-23T12:23:06","date_gmt":"2017-01-23T18:23:06","guid":{"rendered":"https:\/\/radiowebmx.com\/nota\/?p=30197"},"modified":"2017-01-23T12:23:06","modified_gmt":"2017-01-23T18:23:06","slug":"mesas-de-seguridad-mecanismo-de-participacion-ciudadana-para-reestablecer-el-estado-de-derecho-wilfrido-lazaro-medina","status":"publish","type":"post","link":"https:\/\/radiowebmx.com\/nota\/mesas-de-seguridad-mecanismo-de-participacion-ciudadana-para-reestablecer-el-estado-de-derecho-wilfrido-lazaro-medina\/","title":{"rendered":"Mesas de Seguridad, mecanismo  de participaci\u00f3n ciudadana para reestablecer el Estado de Derecho: Wilfrido L\u00e1zaro Medina"},"content":{"rendered":"<p><img loading=\"lazy\" decoding=\"async\" src=\"https:\/\/radiowebmx.com\/nota\/wp-content\/uploads\/2017\/01\/thumbnail_COMUNICADO-0732c2c2c.jpg\" alt=\"thumbnail_COMUNICADO 073\" width=\"709\" height=\"455\" class=\"alignleft size-full wp-image-30198\" srcset=\"https:\/\/radiowebmx.com\/nota\/wp-content\/uploads\/2017\/01\/thumbnail_COMUNICADO-0732c2c2c.jpg 709w, https:\/\/radiowebmx.com\/nota\/wp-content\/uploads\/2017\/01\/thumbnail_COMUNICADO-0732c2c2c-300x193.jpg 300w\" sizes=\"auto, (max-width: 709px) 100vw, 709px\" \/><\/p>\n<p>Morelia, Michoac\u00e1n a 20 de Enero del 2017.- Es obligaci\u00f3n del Gobierno estatal garantizar a los ciudadanos el bienestar social, un estado seguro, en paz y  el acceso a la justicia; as\u00ed como su deber fortalecer las instituciones, en donde los ciudadanos sean un contralor social que eval\u00fae y proponga las acciones que se requieren en sus localidades, afirm\u00f3 el diputado presidente de la Comisi\u00f3n de Seguridad y Protecci\u00f3n Civil en el Congreso del Estado, Wilfrido L\u00e1zaro Medina.<\/p>\n<p>Al asistir a la Mesa de Seguridad que se realiza en el municipio de Apatzing\u00e1n, una de las zonas m\u00e1s afectadas con la ola de violencia, subray\u00f3 que la sociedad no tiene que \u201caplaudir cada uno de los actos del Gobierno\u201d, ya que record\u00f3 la Constituci\u00f3n Federal y del Estado, establecen claramente su responsabilidad  en garantizar un estado en paz y tranquilidad para los ciudadanos.<\/p>\n<p>El diputado destac\u00f3 el papel que juegan las mesas de seguridad como un contralor social que dar\u00e1 seguimiento y vigilancia de las acciones que el gobierno realiza en esta materia, esto al recordar que en las siete regiones del estado donde existen estas mesas de participaci\u00f3n ciudadana, son espacio de reflexi\u00f3n y evaluaci\u00f3n.<\/p>\n<p>\u201cLas mesas de seguridad son de mayor importancia, porque en sus prop\u00f3sitos esta reunir en un solo espacio de an\u00e1lisis, discusi\u00f3n y propuesta en las materias de seguridad y justicia, y se tiene la representaci\u00f3n de organizaciones ciudadanas y las autoridades relacionadas con esas materias, lo que hace m\u00e1s rica las acciones, estrategias y t\u00e1cticas para combatir la inseguridad y delincuencia\u201d, agreg\u00f3.<\/p>\n<p>Asimismo, sostuvo que este mecanismo de participaci\u00f3n ciudadana, permite ser corresponsables y generar una alianza con ciudadanos y autoridades estatales, para restablecer el Estado de Derecho, recuperar la estabilidad y competitividad a partir de est\u00e1ndares m\u00e1s amplios de seguridad y una procuraci\u00f3n de justicia pulcra y expedita.<\/p>\n<p>El diputado del PRI reiter\u00f3 que es fundamental fortalecer la cohesi\u00f3n y el tejido social, a partir de la participaci\u00f3n de todos desde la prevenci\u00f3n primaria y revalorar al n\u00facleo familiar como la piedra angular de la sociedad, por lo que subray\u00f3 que todos los esfuerzos que se generen para vigorizar la unidad social a partir de la familia ser\u00e1n fundamentales.<\/p>\n<p>Hizo un reconocimiento al trabajo que se desarrolla en las mesas de seguridad y justicia, en donde sociedad, gobierno federal, estatal y municipal, trabajan para construir todos los d\u00edas a partir de la prevenci\u00f3n social y el fortalecimiento de las instituciones un estado en paz y tranquilidad, con apego a la legalidad y el combate a la impunidad en todas las esferas sociales.<\/p>\n","protected":false},"excerpt":{"rendered":"<p>Es obligaci\u00f3n del Gobierno estatal garantizar a los ciudadanos el bienestar social, un estado seguro, en paz y  el acceso a la justicia; as\u00ed como su deber fortalecer las instituciones, en donde los ciudadanos sean un contralor social que eval\u00fae y proponga las acciones que se requieren en sus localidades, afirm\u00f3 el diputado presidente de la Comisi\u00f3n de Seguridad y Protecci\u00f3n Civil en el Congreso del Estado, Wilfrido L\u00e1zaro Medina.<\/p>\n","protected":false},"author":1,"featured_media":30198,"comment_status":"open","ping_status":"open","sticky":false,"template":"","format":"standard","meta":{"footnotes":""},"categories":[6,14,7],"tags":[],"class_list":["post-30197","post","type-post","status-publish","format-standard","has-post-thumbnail","hentry","category-congreso-del-estado","category-destacadas","category-grupo-parlamentario-del-pri"],"_links":{"self":[{"href":"https:\/\/radiowebmx.com\/nota\/wp-json\/wp\/v2\/posts\/30197","targetHints":{"allow":["GET"]}}],"collection":[{"href":"https:\/\/radiowebmx.com\/nota\/wp-json\/wp\/v2\/posts"}],"about":[{"href":"https:\/\/radiowebmx.com\/nota\/wp-json\/wp\/v2\/types\/post"}],"author":[{"embeddable":true,"href":"https:\/\/radiowebmx.com\/nota\/wp-json\/wp\/v2\/users\/1"}],"replies":[{"embeddable":true,"href":"https:\/\/radiowebmx.com\/nota\/wp-json\/wp\/v2\/comments?post=30197"}],"version-history":[{"count":1,"href":"https:\/\/radiowebmx.com\/nota\/wp-json\/wp\/v2\/posts\/30197\/revisions"}],"predecessor-version":[{"id":30199,"href":"https:\/\/radiowebmx.com\/nota\/wp-json\/wp\/v2\/posts\/30197\/revisions\/30199"}],"wp:featuredmedia":[{"embeddable":true,"href":"https:\/\/radiowebmx.com\/nota\/wp-json\/wp\/v2\/media\/30198"}],"wp:attachment":[{"href":"https:\/\/radiowebmx.com\/nota\/wp-json\/wp\/v2\/media?parent=30197"}],"wp:term":[{"taxonomy":"category","embeddable":true,"href":"https:\/\/radiowebmx.com\/nota\/wp-json\/wp\/v2\/categories?post=30197"},{"taxonomy":"post_tag","embeddable":true,"href":"https:\/\/radiowebmx.com\/nota\/wp-json\/wp\/v2\/tags?post=30197"}],"curies":[{"name":"wp","href":"https:\/\/api.w.org\/{rel}","templated":true}]}}