{"id":30188,"date":"2017-01-23T12:11:26","date_gmt":"2017-01-23T18:11:26","guid":{"rendered":"https:\/\/radiowebmx.com\/nota\/?p=30188"},"modified":"2017-01-23T12:11:26","modified_gmt":"2017-01-23T18:11:26","slug":"alfonso-martinez-reforzara-la-seguridad-de-las-tenencias-de-la-mano-de-la-policia-de-morelia-y-fuerzas-estatales","status":"publish","type":"post","link":"https:\/\/radiowebmx.com\/nota\/alfonso-martinez-reforzara-la-seguridad-de-las-tenencias-de-la-mano-de-la-policia-de-morelia-y-fuerzas-estatales\/","title":{"rendered":"Alfonso Mart\u00ednez reforzar\u00e1 la seguridad de las Tenencias, de la mano de la Polic\u00eda de Morelia y Fuerzas Estatales"},"content":{"rendered":"<p><img loading=\"lazy\" decoding=\"async\" src=\"https:\/\/radiowebmx.com\/nota\/wp-content\/uploads\/2017\/01\/4b62c254-b182-440e-86f5-80cbc9724bde.jpeg\" alt=\"4b62c254-b182-440e-86f5-80cbc9724bde\" width=\"709\" height=\"472\" class=\"alignleft size-full wp-image-30189\" srcset=\"https:\/\/radiowebmx.com\/nota\/wp-content\/uploads\/2017\/01\/4b62c254-b182-440e-86f5-80cbc9724bde.jpeg 709w, https:\/\/radiowebmx.com\/nota\/wp-content\/uploads\/2017\/01\/4b62c254-b182-440e-86f5-80cbc9724bde-300x200.jpeg 300w\" sizes=\"auto, (max-width: 709px) 100vw, 709px\" \/><\/p>\n<p>El Presidente Municipal de Morelia encabez\u00f3 junto al Comisionado de Seguridad de Morelia y el Secretario de Seguridad P\u00fablica, una reuni\u00f3n en Santa Mar\u00eda de Guido para establecer una agenda de seguridad en las Tenencias.<\/p>\n<p>Refrendando al tema de seguridad como uno de los puntos medulares en su Administraci\u00f3n, el Presidente Municipal de Morelia, Alfonso Mart\u00ednez Alc\u00e1zar, sostuvo este domingo una reuni\u00f3n con diversos Jefes de Tendencia, encargados del orden y habitantes Morelianos, para establecer de la mano de la Polic\u00eda de Morelia y la Secretar\u00eda de Seguridad P\u00fablica del Estado, una agenda de acciones a realizar para mejorar las condiciones de seguridad en las Tenencias de la Capital Michoacana.<\/p>\n<p>Con la Presencia de Bernardo Le\u00f3n Olea, Comisionado Municipal de Seguridad; Juan Bernardo Corona Mart\u00ednez, Secretario de Seguridad P\u00fablica; Sergio Adem Argueta, Secretario de Desarrollo Territorial, Urbano y de Movilidad del Estado y la Diputada Local Macarena Ch\u00e1vez,  Alfonso Mart\u00ednez refrend\u00f3 el enorme compromiso que tiene su Administraci\u00f3n con las Tenencias en todos aspectos, raz\u00f3n por la cual pidi\u00f3 a todo el gabinete hacer presencia en Santa Mar\u00eda de Guido, lugar de la reuni\u00f3n.<\/p>\n<p>Se pronunci\u00f3 a favor de colaborar con autoridades auxiliares, y propuso establecer una agenda y acciones luego de escuchar las m\u00e1s sentidas necesidades de los representantes de las Tenencias.<\/p>\n<p>\u00abEstamos trabajando estrechamente no solo con la Secretar\u00eda de Seguridad P\u00fablica, sino con la Gendarmer\u00eda y la Polic\u00eda Militar, dividiendo el Municipio por sectores\u00bb explic\u00f3.<\/p>\n<p>Dijo que con estas acciones se est\u00e1 realizando un estudio de las zonas con mayor \u00edndice de delitos y as\u00ed atacar la problem\u00e1tica de manera m\u00e1s eficiente.<\/p>\n<p>Concluy\u00f3 afirmando que su Gobierno apostar\u00e1 por reforzar las fuerzas policiacas para garantizar que en las Tenencias y comunidades tambi\u00e9n  haya seguridad inmediata, y concluy\u00f3 su mensaje haciendo un compromiso:<br \/>\n\u00abEste a\u00f1o lograremos la meta de tener 840 polic\u00edas, capacitados y de confianza, haciendo frente a inseguridad\u00bb.<\/p>\n<p>Por su parte el Secretario de Seguridad P\u00fablica del Estado, Juan Bernardo Corona Mart\u00ednez, propuso establecer un consejo ciudadano de los habitantes de las Tenencias, para realizar reuniones continuas y as\u00ed revisar los avances en materia de seguridad en estos lugares.<\/p>\n<p>Luego del acto protocolario, representantes de las Tenencias, entregaron a las autoridades Estatales y Municipales sus propuestas y demandas sobre seguridad, mismas que ser\u00e1n tomadas en cuenta de inmediato en la acci\u00f3n de garantizar la estabilidad de los habitantes de las mismas.<\/p>\n<p>En el evento estuvieron presentes tambi\u00e9n Jes\u00fas Avalos Plata, Secretario del Ayuntamiento; los Regidores Alma Rosa Bahena Villalobos y F\u00e9lix Madrigal Pulido; Antonio Plaza Urbina, Secretario de Efectividad e Innovaci\u00f3n Gubernamental; Jos\u00e9 Luis Gil V\u00e1zquez, Secretario de Servicios P\u00fablicos Municipales y Guillermo Mar\u00edn Ch\u00e1vez, Secretario de Desarrollo Humano y Bienestar Social.<\/p>\n","protected":false},"excerpt":{"rendered":"<p>El Presidente Municipal de Morelia encabez\u00f3 junto al Comisionado de Seguridad de Morelia y el Secretario de Seguridad P\u00fablica, una reuni\u00f3n en Santa Mar\u00eda de Guido para establecer una agenda de seguridad en las Tenencias.<\/p>\n","protected":false},"author":1,"featured_media":30189,"comment_status":"open","ping_status":"open","sticky":false,"template":"","format":"standard","meta":{"footnotes":""},"categories":[14,9],"tags":[],"class_list":["post-30188","post","type-post","status-publish","format-standard","has-post-thumbnail","hentry","category-destacadas","category-morelia"],"_links":{"self":[{"href":"https:\/\/radiowebmx.com\/nota\/wp-json\/wp\/v2\/posts\/30188","targetHints":{"allow":["GET"]}}],"collection":[{"href":"https:\/\/radiowebmx.com\/nota\/wp-json\/wp\/v2\/posts"}],"about":[{"href":"https:\/\/radiowebmx.com\/nota\/wp-json\/wp\/v2\/types\/post"}],"author":[{"embeddable":true,"href":"https:\/\/radiowebmx.com\/nota\/wp-json\/wp\/v2\/users\/1"}],"replies":[{"embeddable":true,"href":"https:\/\/radiowebmx.com\/nota\/wp-json\/wp\/v2\/comments?post=30188"}],"version-history":[{"count":1,"href":"https:\/\/radiowebmx.com\/nota\/wp-json\/wp\/v2\/posts\/30188\/revisions"}],"predecessor-version":[{"id":30190,"href":"https:\/\/radiowebmx.com\/nota\/wp-json\/wp\/v2\/posts\/30188\/revisions\/30190"}],"wp:featuredmedia":[{"embeddable":true,"href":"https:\/\/radiowebmx.com\/nota\/wp-json\/wp\/v2\/media\/30189"}],"wp:attachment":[{"href":"https:\/\/radiowebmx.com\/nota\/wp-json\/wp\/v2\/media?parent=30188"}],"wp:term":[{"taxonomy":"category","embeddable":true,"href":"https:\/\/radiowebmx.com\/nota\/wp-json\/wp\/v2\/categories?post=30188"},{"taxonomy":"post_tag","embeddable":true,"href":"https:\/\/radiowebmx.com\/nota\/wp-json\/wp\/v2\/tags?post=30188"}],"curies":[{"name":"wp","href":"https:\/\/api.w.org\/{rel}","templated":true}]}}