{"id":30130,"date":"2017-01-23T11:30:32","date_gmt":"2017-01-23T17:30:32","guid":{"rendered":"https:\/\/radiowebmx.com\/nota\/?p=30130"},"modified":"2017-01-23T11:30:32","modified_gmt":"2017-01-23T17:30:32","slug":"concluyen-periodistas-michoacanos-diplomado-de-actualizacion","status":"publish","type":"post","link":"https:\/\/radiowebmx.com\/nota\/concluyen-periodistas-michoacanos-diplomado-de-actualizacion\/","title":{"rendered":"Concluyen periodistas michoacanos Diplomado de Actualizaci\u00f3n"},"content":{"rendered":"<p><img loading=\"lazy\" decoding=\"async\" src=\"https:\/\/radiowebmx.com\/nota\/wp-content\/uploads\/2017\/01\/833da1d5-a0f0-4a71-809e-9376a0ef5577.jpeg\" alt=\"833da1d5-a0f0-4a71-809e-9376a0ef5577\" width=\"709\" height=\"472\" class=\"alignleft size-full wp-image-30131\" srcset=\"https:\/\/radiowebmx.com\/nota\/wp-content\/uploads\/2017\/01\/833da1d5-a0f0-4a71-809e-9376a0ef5577.jpeg 709w, https:\/\/radiowebmx.com\/nota\/wp-content\/uploads\/2017\/01\/833da1d5-a0f0-4a71-809e-9376a0ef5577-300x200.jpeg 300w\" sizes=\"auto, (max-width: 709px) 100vw, 709px\" \/><\/p>\n<p>Morelia, Michoac\u00e1n, a 20 de enero de 2017.- Este viernes concluy\u00f3 de manera exitosa el Diplomado de Actualizaci\u00f3n para Titulaci\u00f3n por Egel &#8211; Ceneval, proyecto impulsado por el Gobierno del Estado a trav\u00e9s de la Coordinaci\u00f3n General de Comunicaci\u00f3n Social y la Universidad Michoacana de San Nicol\u00e1s de Hidalgo (UMSNH).<\/p>\n<p>Ante los periodistas y comunicadores de Morelia y otros municipios que iniciaron el Diplomado el pasado 9 de septiembre,  la coordinadora general de Comunicaci\u00f3n Social, Julieta L\u00f3pez Bautista, se\u00f1al\u00f3 que la pol\u00edtica de comunicaci\u00f3n del Gobierno que encabeza el mandatario Silvano Aureoles Conejo, no se reduce a la difusi\u00f3n de las acciones o programas gubernamentales con el simple objetivo de comunicar sobre los programas o actividades a la sociedad, &#8220;es muy importante que el acto de comunicar contribuya tambi\u00e9n a mejorar nuestras condiciones de vida como sociedad&#8221;.<\/p>\n<p>En este sentido, dijo que no se busca ser s\u00f3lo un v\u00ednculo entre sociedad y gobierno, o entre gobierno o medios de comunicaci\u00f3n. &#8220;Nuestra aspiraci\u00f3n es que tambi\u00e9n seamos un factor de cambio&#8221;.<\/p>\n<p>L\u00f3pez Bautista refiri\u00f3 que este Diplomado surgi\u00f3 con el prop\u00f3sito, adem\u00e1s de apoyar a las y los periodistas en su capacitaci\u00f3n, con el af\u00e1n de contribuir a que puedan contar con mejores alternativas de trabajo.<\/p>\n<p>Ante el panorama que enfrenta el pa\u00eds, consider\u00f3 que este Diplomado es una herramienta de apoyo.<\/p>\n<p>Refiri\u00f3 que la conclusi\u00f3n de este primer programa acad\u00e9mico es de suma importancia para la Coordinaci\u00f3n, as\u00ed como para la UMSNH, por ello manifest\u00f3 que se busca se realice de nueva cuenta.<\/p>\n<p>Para la Coordinaci\u00f3n de Comunicaci\u00f3n Social y para el Gobernador Constitucional Silvano Aureoles Conejo, manifest\u00f3, es importante el fortalecimiento profesional de periodistas y comunicadores, por lo que se realizan proyectos de capacitaci\u00f3n de manera regional.<\/p>\n<p>En su oportunidad, el director de personal de la UMSNH, Pedro Caballero D\u00edaz, se\u00f1al\u00f3 que este tipo de proyectos ayudar\u00e1 a contar con periodistas y comunicadores m\u00e1s preparados.<\/p>\n<p>De igual manera, que con la suma de esfuerzos se logr\u00f3 realizar un proyecto exitoso, del que dijo esperar no sea a corto plazo.<\/p>\n<p>El director de la Facultad de Letras de la UMSNH, Juan Carlos Gonz\u00e1lez Vidal, coment\u00f3 como necesario que los integrantes de los medios de comunicaci\u00f3n cuenten con una profesionalizaci\u00f3n, pues son una parte importante de la sociedad.<\/p>\n<p>En representaci\u00f3n de los estudiantes, la periodista Martha Elba Torres, agradeci\u00f3 este tipo de proyectos, pues ello ayuda a contar con mayor profesionalizaci\u00f3n.<\/p>\n<p>Posteriormente, las autoridades educativas y de gobierno entregaron reconocimientos a quienes concluyeron el Diplomado: Lamberto Hern\u00e1ndez M\u00e9ndez, Karla Mart\u00ednez Reyes, Erandi Torres Mart\u00ednez, Martha Elba Torres Mart\u00ednez, Marisol Valencia Fausto, Jes\u00fas Vieyra Salinas y Magdalena Zerme\u00f1o Ram\u00edrez.<\/p>\n<p>Es importante destacar que los periodistas y comunicadores para poder ingresar al Diplomado, comprobaron que egresaron de las Licenciatura en Ciencias de la Comunicaci\u00f3n, de cualquier instituci\u00f3n reconocida por la Secretar\u00eda de Educaci\u00f3n P\u00fablica, pero por diversas circunstancias no se titularon, por lo que recibieron la capacitaci\u00f3n y conocimientos requeridos para acreditar el examen para Titulaci\u00f3n EGEL Ceneval.<\/p>\n<p>El curso se desarroll\u00f3 en cuatro m\u00f3dulos, comprendiendo 30 horas cada uno, intercambiando actividades presenciales en las instalaciones de la Facultad de Letras, ubicada Avenida Madero No. 580, Colonia Centro de esta ciudad de Morelia, adem\u00e1s comprendi\u00f3 actividades a distancia mediadas por tecnolog\u00eda.<\/p>\n<p>Es importante destacar que el Diplomado de Actualizaci\u00f3n para Titulaci\u00f3n por EGEL Ceneval no garantiza la titulaci\u00f3n del sustentante, por lo que cada participante asume como responsabilidad propia el tr\u00e1mite de su proceso de titulaci\u00f3n ante la instituci\u00f3n educativa que avala sus cr\u00e9ditos aprobados.<\/p>\n<p>Este Diplomado forma parte del Programa de Nivelaci\u00f3n Profesional para Periodistas y Comunicadores, impl\u00edcito en el convenio que signaron autoridades estatales y acad\u00e9micas el pasado 7 de junio, con motivo del D\u00eda de la Libertad de Expresi\u00f3n.<\/p>\n","protected":false},"excerpt":{"rendered":"<p>Este viernes concluy\u00f3 de manera exitosa el Diplomado de Actualizaci\u00f3n para Titulaci\u00f3n por Egel &#8211; Ceneval, proyecto impulsado por el Gobierno del Estado a trav\u00e9s de la Coordinaci\u00f3n General de Comunicaci\u00f3n Social y la Universidad Michoacana de San Nicol\u00e1s de Hidalgo (UMSNH).<\/p>\n","protected":false},"author":1,"featured_media":30131,"comment_status":"open","ping_status":"open","sticky":false,"template":"","format":"standard","meta":{"footnotes":""},"categories":[14,3],"tags":[],"class_list":["post-30130","post","type-post","status-publish","format-standard","has-post-thumbnail","hentry","category-destacadas","category-gobierno-del-estado-de-michoacan"],"_links":{"self":[{"href":"https:\/\/radiowebmx.com\/nota\/wp-json\/wp\/v2\/posts\/30130","targetHints":{"allow":["GET"]}}],"collection":[{"href":"https:\/\/radiowebmx.com\/nota\/wp-json\/wp\/v2\/posts"}],"about":[{"href":"https:\/\/radiowebmx.com\/nota\/wp-json\/wp\/v2\/types\/post"}],"author":[{"embeddable":true,"href":"https:\/\/radiowebmx.com\/nota\/wp-json\/wp\/v2\/users\/1"}],"replies":[{"embeddable":true,"href":"https:\/\/radiowebmx.com\/nota\/wp-json\/wp\/v2\/comments?post=30130"}],"version-history":[{"count":1,"href":"https:\/\/radiowebmx.com\/nota\/wp-json\/wp\/v2\/posts\/30130\/revisions"}],"predecessor-version":[{"id":30132,"href":"https:\/\/radiowebmx.com\/nota\/wp-json\/wp\/v2\/posts\/30130\/revisions\/30132"}],"wp:featuredmedia":[{"embeddable":true,"href":"https:\/\/radiowebmx.com\/nota\/wp-json\/wp\/v2\/media\/30131"}],"wp:attachment":[{"href":"https:\/\/radiowebmx.com\/nota\/wp-json\/wp\/v2\/media?parent=30130"}],"wp:term":[{"taxonomy":"category","embeddable":true,"href":"https:\/\/radiowebmx.com\/nota\/wp-json\/wp\/v2\/categories?post=30130"},{"taxonomy":"post_tag","embeddable":true,"href":"https:\/\/radiowebmx.com\/nota\/wp-json\/wp\/v2\/tags?post=30130"}],"curies":[{"name":"wp","href":"https:\/\/api.w.org\/{rel}","templated":true}]}}