{"id":30123,"date":"2017-01-23T11:20:38","date_gmt":"2017-01-23T17:20:38","guid":{"rendered":"https:\/\/radiowebmx.com\/nota\/?p=30123"},"modified":"2017-01-23T11:20:38","modified_gmt":"2017-01-23T17:20:38","slug":"pugna-michoacan-por-que-el-nuevo-gobierno-de-eu-propicie-la-armonia-y-la-paz","status":"publish","type":"post","link":"https:\/\/radiowebmx.com\/nota\/pugna-michoacan-por-que-el-nuevo-gobierno-de-eu-propicie-la-armonia-y-la-paz\/","title":{"rendered":"Pugna Michoac\u00e1n por que el nuevo Gobierno de EU propicie la armon\u00eda y la paz"},"content":{"rendered":"<p><img loading=\"lazy\" decoding=\"async\" src=\"https:\/\/radiowebmx.com\/nota\/wp-content\/uploads\/2017\/01\/53abd3b5-8775-4ef7-a6eb-e7d7967d3471.jpeg\" alt=\"53abd3b5-8775-4ef7-a6eb-e7d7967d3471\" width=\"709\" height=\"471\" class=\"alignleft size-full wp-image-30124\" srcset=\"https:\/\/radiowebmx.com\/nota\/wp-content\/uploads\/2017\/01\/53abd3b5-8775-4ef7-a6eb-e7d7967d3471.jpeg 709w, https:\/\/radiowebmx.com\/nota\/wp-content\/uploads\/2017\/01\/53abd3b5-8775-4ef7-a6eb-e7d7967d3471-300x199.jpeg 300w\" sizes=\"auto, (max-width: 709px) 100vw, 709px\" \/><\/p>\n<p>Morelia, Michoac\u00e1n, a 20 de enero de 2017.- El Gobierno de Michoac\u00e1n hace votos para que el nuevo Gobierno de Estados Unidos, que encabeza Donald J. Trump, trabaje por un futuro pr\u00f3spero y digno de su naci\u00f3n, con pleno respeto a valores y principios universales de convivencia pac\u00edfica y armoniosa, y con plena observancia a los derechos humanos y a la gran diversidad sobre la que se ha construido ese pa\u00eds.<\/p>\n<p>El Gobierno de Michoac\u00e1n tiene la firme convicci\u00f3n de que los nacionalismos patri\u00f3ticos, el aislacionismo y el proteccionismo pertenecen al pasado y no resolver\u00e1n los actuales problemas de la falta de empleos, pobreza y desigualdad que imperan en el mundo, tanto en pa\u00edses desarrollados como en emergentes y menos desarrollados.<\/p>\n<p>Michoac\u00e1n contribuye al bienestar de la econom\u00eda estadounidense como el gran exportador de productos agr\u00edcolas a ese pa\u00eds y con el trabajo de los migrantes michoacanos que laboran en sectores profesionales, industriales, agr\u00edcolas y comerciales. <\/p>\n<p>Michoac\u00e1n, cuya di\u00e1spora en Estados Unidos asciende a m\u00e1s de 4 millones de personas, continuar\u00e1 trabajando unido con el Gobierno de M\u00e9xico y las organizaciones civiles para proteger los derechos de los michoacanos en donde quiera que se encuentren y promover todas las contribuciones que esta comunidad migrante en particular, y todos los mexicanos y M\u00e9xico-americanos en general, han hecho a la sociedad estadounidense en materia econ\u00f3mica, social y cultural.<\/p>\n","protected":false},"excerpt":{"rendered":"<p>El Gobierno de Michoac\u00e1n hace votos para que el nuevo Gobierno de Estados Unidos, que encabeza Donald J. Trump, trabaje por un futuro pr\u00f3spero y digno de su naci\u00f3n, con pleno respeto a valores y principios universales de convivencia pac\u00edfica y armoniosa, y con plena observancia a los derechos humanos y a la gran diversidad sobre la que se ha construido ese pa\u00eds.<\/p>\n","protected":false},"author":1,"featured_media":30124,"comment_status":"open","ping_status":"open","sticky":false,"template":"","format":"standard","meta":{"footnotes":""},"categories":[14,3],"tags":[],"class_list":["post-30123","post","type-post","status-publish","format-standard","has-post-thumbnail","hentry","category-destacadas","category-gobierno-del-estado-de-michoacan"],"_links":{"self":[{"href":"https:\/\/radiowebmx.com\/nota\/wp-json\/wp\/v2\/posts\/30123","targetHints":{"allow":["GET"]}}],"collection":[{"href":"https:\/\/radiowebmx.com\/nota\/wp-json\/wp\/v2\/posts"}],"about":[{"href":"https:\/\/radiowebmx.com\/nota\/wp-json\/wp\/v2\/types\/post"}],"author":[{"embeddable":true,"href":"https:\/\/radiowebmx.com\/nota\/wp-json\/wp\/v2\/users\/1"}],"replies":[{"embeddable":true,"href":"https:\/\/radiowebmx.com\/nota\/wp-json\/wp\/v2\/comments?post=30123"}],"version-history":[{"count":1,"href":"https:\/\/radiowebmx.com\/nota\/wp-json\/wp\/v2\/posts\/30123\/revisions"}],"predecessor-version":[{"id":30125,"href":"https:\/\/radiowebmx.com\/nota\/wp-json\/wp\/v2\/posts\/30123\/revisions\/30125"}],"wp:featuredmedia":[{"embeddable":true,"href":"https:\/\/radiowebmx.com\/nota\/wp-json\/wp\/v2\/media\/30124"}],"wp:attachment":[{"href":"https:\/\/radiowebmx.com\/nota\/wp-json\/wp\/v2\/media?parent=30123"}],"wp:term":[{"taxonomy":"category","embeddable":true,"href":"https:\/\/radiowebmx.com\/nota\/wp-json\/wp\/v2\/categories?post=30123"},{"taxonomy":"post_tag","embeddable":true,"href":"https:\/\/radiowebmx.com\/nota\/wp-json\/wp\/v2\/tags?post=30123"}],"curies":[{"name":"wp","href":"https:\/\/api.w.org\/{rel}","templated":true}]}}