{"id":30116,"date":"2017-01-20T11:10:11","date_gmt":"2017-01-20T17:10:11","guid":{"rendered":"https:\/\/radiowebmx.com\/nota\/?p=30116"},"modified":"2017-01-23T11:12:01","modified_gmt":"2017-01-23T17:12:01","slug":"ayuntamiento-de-morelia-invita-a-ciudadania-a-participar-en-campana-de-canje-de-armas-de-fuego-2017","status":"publish","type":"post","link":"https:\/\/radiowebmx.com\/nota\/ayuntamiento-de-morelia-invita-a-ciudadania-a-participar-en-campana-de-canje-de-armas-de-fuego-2017\/","title":{"rendered":"Ayuntamiento de Morelia invita a ciudadan\u00eda a participar en Campa\u00f1a de canje de armas de fuego 2017"},"content":{"rendered":"<p><img loading=\"lazy\" decoding=\"async\" src=\"https:\/\/radiowebmx.com\/nota\/wp-content\/uploads\/2017\/01\/25ed7ac2-d0b6-4f53-ad4b-bca8626bb55a.jpeg\" alt=\"25ed7ac2-d0b6-4f53-ad4b-bca8626bb55a\" width=\"709\" height=\"472\" class=\"alignleft size-full wp-image-30117\" srcset=\"https:\/\/radiowebmx.com\/nota\/wp-content\/uploads\/2017\/01\/25ed7ac2-d0b6-4f53-ad4b-bca8626bb55a.jpeg 709w, https:\/\/radiowebmx.com\/nota\/wp-content\/uploads\/2017\/01\/25ed7ac2-d0b6-4f53-ad4b-bca8626bb55a-300x200.jpeg 300w\" sizes=\"auto, (max-width: 709px) 100vw, 709px\" \/><\/p>\n<p>El Ayuntamiento de Morelia y la Secretar\u00eda de la Defensa Nacional (SEDENA) a trav\u00e9s de la 21\/a Zona Militar, invita a la ciudadan\u00eda a participar en el arranque de la \u201cCampa\u00f1a de Canje de Armas de Fuego 2017\u201d que se desarrollar\u00e1 el pr\u00f3ximo domingo 22 de enero en la Plaza Jard\u00edn Morelos, de las 9:00 a las 16:00 horas.<\/p>\n<p>Esta campa\u00f1a busca promover una cultura de paz evitando que las armas puedan ser utilizadas en detrimento de la seguridad de la ciudadan\u00eda, o provoquen un accidente en el hogar.<\/p>\n<p>Asimismo y en apoyo a la poblaci\u00f3n, el Ayuntamiento de Morelia en estrecha coordinaci\u00f3n con la SEDENA, entregar\u00e1 un apoyo econ\u00f3mico por cada arma que se canje\u00e9, el cual depender\u00e1 del calibre y tipo.<\/p>\n<p>Las armas pueden canjearse los d\u00edas 22, 25, 26, 29 y 30 de enero en el Plaza Jard\u00edn Morelos, ubicada en Av. Acueducto, esquina con Tata Vasco, Centro Hist\u00f3rico y los d\u00edas 23, 24, 27, 28 y 31 de enero del presente a\u00f1o, en la Unidad Deportiva Bicentenario, que se encuentra en Av. Torre\u00f3n Nuevo S\/N., Col. Barrio Alto.<\/p>\n<p>De esta forma, el Gobierno Municipal trabaja para construir un entorno de paz mediante acciones encaminadas a la prevenci\u00f3n y la seguridad de la ciudadan\u00eda.<\/p>\n","protected":false},"excerpt":{"rendered":"<p>El Ayuntamiento de Morelia y la Secretar\u00eda de la Defensa Nacional (SEDENA) a trav\u00e9s de la 21\/a Zona Militar, invita a la ciudadan\u00eda a participar en el arranque de la \u201cCampa\u00f1a de Canje de Armas de Fuego 2017\u201d que se desarrollar\u00e1 el pr\u00f3ximo domingo 22 de enero en la Plaza Jard\u00edn Morelos, de las 9:00 a las 16:00 horas.<\/p>\n","protected":false},"author":1,"featured_media":30117,"comment_status":"open","ping_status":"open","sticky":false,"template":"","format":"standard","meta":{"footnotes":""},"categories":[14,9],"tags":[],"class_list":["post-30116","post","type-post","status-publish","format-standard","has-post-thumbnail","hentry","category-destacadas","category-morelia"],"_links":{"self":[{"href":"https:\/\/radiowebmx.com\/nota\/wp-json\/wp\/v2\/posts\/30116","targetHints":{"allow":["GET"]}}],"collection":[{"href":"https:\/\/radiowebmx.com\/nota\/wp-json\/wp\/v2\/posts"}],"about":[{"href":"https:\/\/radiowebmx.com\/nota\/wp-json\/wp\/v2\/types\/post"}],"author":[{"embeddable":true,"href":"https:\/\/radiowebmx.com\/nota\/wp-json\/wp\/v2\/users\/1"}],"replies":[{"embeddable":true,"href":"https:\/\/radiowebmx.com\/nota\/wp-json\/wp\/v2\/comments?post=30116"}],"version-history":[{"count":1,"href":"https:\/\/radiowebmx.com\/nota\/wp-json\/wp\/v2\/posts\/30116\/revisions"}],"predecessor-version":[{"id":30118,"href":"https:\/\/radiowebmx.com\/nota\/wp-json\/wp\/v2\/posts\/30116\/revisions\/30118"}],"wp:featuredmedia":[{"embeddable":true,"href":"https:\/\/radiowebmx.com\/nota\/wp-json\/wp\/v2\/media\/30117"}],"wp:attachment":[{"href":"https:\/\/radiowebmx.com\/nota\/wp-json\/wp\/v2\/media?parent=30116"}],"wp:term":[{"taxonomy":"category","embeddable":true,"href":"https:\/\/radiowebmx.com\/nota\/wp-json\/wp\/v2\/categories?post=30116"},{"taxonomy":"post_tag","embeddable":true,"href":"https:\/\/radiowebmx.com\/nota\/wp-json\/wp\/v2\/tags?post=30116"}],"curies":[{"name":"wp","href":"https:\/\/api.w.org\/{rel}","templated":true}]}}