{"id":30109,"date":"2017-01-20T12:52:31","date_gmt":"2017-01-20T18:52:31","guid":{"rendered":"https:\/\/radiowebmx.com\/nota\/?p=30109"},"modified":"2017-01-20T12:52:31","modified_gmt":"2017-01-20T18:52:31","slug":"ante-la-pobreza-mas-educacion-sigala","status":"publish","type":"post","link":"https:\/\/radiowebmx.com\/nota\/ante-la-pobreza-mas-educacion-sigala\/","title":{"rendered":"Ante la pobreza, m\u00e1s educaci\u00f3n: Sigala"},"content":{"rendered":"<p><img loading=\"lazy\" decoding=\"async\" src=\"https:\/\/radiowebmx.com\/nota\/wp-content\/uploads\/2017\/01\/COMUNICADO-068..jpg\" alt=\"COMUNICADO 068.\" width=\"709\" height=\"472\" class=\"alignleft size-full wp-image-30110\" srcset=\"https:\/\/radiowebmx.com\/nota\/wp-content\/uploads\/2017\/01\/COMUNICADO-068..jpg 709w, https:\/\/radiowebmx.com\/nota\/wp-content\/uploads\/2017\/01\/COMUNICADO-068.-300x200.jpg 300w\" sizes=\"auto, (max-width: 709px) 100vw, 709px\" \/><\/p>\n<p>Tuzantla; Michoac\u00e1n a 19 de Enero del 2017.- La educaci\u00f3n es la clave para enfrentar los grandes problemas que se tienen en nuestro pa\u00eds, entre ellos, la pobreza, afirm\u00f3 el Presidente de la Mesa Directiva del Congreso del Estado, Pascual Sigala P\u00e1ez, durante una gira de trabajo por el municipio de Tuzantla, en donde convoc\u00f3 a los j\u00f3venes a no abandonar sus estudios, ya que es la mejor carta para luchar contra la desigualdad y marginaci\u00f3n.<\/p>\n<p>Durante una gira de trabajo por el municipio de Tuzantla con el presidente municipal, Octavio Ocampo Cordova y el diputado Juan Figueroa, en la que se inauguraron diversas obras que tienen como finalidad el mejoramiento de diversos centros educativos, el diputado local refrend\u00f3 su compromiso de continuar apoyando a la educaci\u00f3n, sector primordial para alcanzar el desarrollo humano.<\/p>\n<p>Al reconocer el trabajo de las maestras y maestros,  durante la inauguraci\u00f3n de un domo en Colegio de Bachilleres de dicho municipio, Sigala resalt\u00f3 que la educaci\u00f3n es un derecho humano, una herramienta indispensable para lograr los objetivos de la igualdad, el desarrollo y la paz, por lo que debe ser prioridad de todas y todos los niveles de gobierno el fortalecerla.<\/p>\n<p>Desde el Congreso del Estado, subray\u00f3 que se seguir\u00e1 abonando para garantizar el acceso a una educaci\u00f3n de calidad a todas las ni\u00f1as, ni\u00f1os y adolescentes en Michoac\u00e1n, por ello, continuar\u00e1 construyendo acuerdos que contribuyan al desarrollo y al fortalecimiento de este sector, combatiendo paralelamente la pobreza en la entidad.<\/p>\n<p>Posteriormente, el Presidente de la Mesa Directiva en el Congreso del Estado, se traslad\u00f3 con el alcalde de Tuzantla, Octavio Ocampo e inauguraron las aulas en el Telebachillerato, as\u00ed como un domo en una telesecundaria, con lo que reiteraron ambos que el apoyar a la educaci\u00f3n es una prioridad en su agenda de trabajo.<\/p>\n<p>Asimismo inauguraron distintas calles y otro domo del preescolar en Tierra Caliente, en donde Sigala atendi\u00f3 diversas solicitudes de la poblaci\u00f3n y a quienes llam\u00f3 a motivar a sus hijos a que no abandonen sus estudios, a mantener comunicaci\u00f3n constante con ellos y mantenerlos alejados de todo aquello que represente un riesgo u pueda ser nocivo.<\/p>\n<p>Finalmente en la gira de trabajo, el presidente de la Mesa Directiva del Congreso del Estado se reuni\u00f3 con varios vecinos de la regi\u00f3n de Tierra Caliente, quienes les hicieron diversos planteamientos, mismos que se comprometi\u00f3 a apoyar e hizo entrega de diversas computadoras. <\/p>\n","protected":false},"excerpt":{"rendered":"<p>La educaci\u00f3n es la clave para enfrentar los grandes problemas que se tienen en nuestro pa\u00eds, entre ellos, la pobreza, afirm\u00f3 el Presidente de la Mesa Directiva del Congreso del Estado, Pascual Sigala P\u00e1ez, durante una gira de trabajo por el municipio de Tuzantla, en donde convoc\u00f3 a los j\u00f3venes a no abandonar sus estudios, ya que es la mejor carta para luchar contra la desigualdad y marginaci\u00f3n.<\/p>\n","protected":false},"author":1,"featured_media":30110,"comment_status":"open","ping_status":"open","sticky":false,"template":"","format":"standard","meta":{"footnotes":""},"categories":[6,14,19],"tags":[],"class_list":["post-30109","post","type-post","status-publish","format-standard","has-post-thumbnail","hentry","category-congreso-del-estado","category-destacadas","category-grupo-parlamentario-del-prd"],"_links":{"self":[{"href":"https:\/\/radiowebmx.com\/nota\/wp-json\/wp\/v2\/posts\/30109","targetHints":{"allow":["GET"]}}],"collection":[{"href":"https:\/\/radiowebmx.com\/nota\/wp-json\/wp\/v2\/posts"}],"about":[{"href":"https:\/\/radiowebmx.com\/nota\/wp-json\/wp\/v2\/types\/post"}],"author":[{"embeddable":true,"href":"https:\/\/radiowebmx.com\/nota\/wp-json\/wp\/v2\/users\/1"}],"replies":[{"embeddable":true,"href":"https:\/\/radiowebmx.com\/nota\/wp-json\/wp\/v2\/comments?post=30109"}],"version-history":[{"count":1,"href":"https:\/\/radiowebmx.com\/nota\/wp-json\/wp\/v2\/posts\/30109\/revisions"}],"predecessor-version":[{"id":30111,"href":"https:\/\/radiowebmx.com\/nota\/wp-json\/wp\/v2\/posts\/30109\/revisions\/30111"}],"wp:featuredmedia":[{"embeddable":true,"href":"https:\/\/radiowebmx.com\/nota\/wp-json\/wp\/v2\/media\/30110"}],"wp:attachment":[{"href":"https:\/\/radiowebmx.com\/nota\/wp-json\/wp\/v2\/media?parent=30109"}],"wp:term":[{"taxonomy":"category","embeddable":true,"href":"https:\/\/radiowebmx.com\/nota\/wp-json\/wp\/v2\/categories?post=30109"},{"taxonomy":"post_tag","embeddable":true,"href":"https:\/\/radiowebmx.com\/nota\/wp-json\/wp\/v2\/tags?post=30109"}],"curies":[{"name":"wp","href":"https:\/\/api.w.org\/{rel}","templated":true}]}}