{"id":30100,"date":"2017-01-20T11:25:22","date_gmt":"2017-01-20T17:25:22","guid":{"rendered":"https:\/\/radiowebmx.com\/nota\/?p=30100"},"modified":"2017-01-20T11:25:22","modified_gmt":"2017-01-20T17:25:22","slug":"coordinacion-institucional-urgente-ante-llegada-de-trump-a-la-casa-blanca-rosa-maria-de-la-torre","status":"publish","type":"post","link":"https:\/\/radiowebmx.com\/nota\/coordinacion-institucional-urgente-ante-llegada-de-trump-a-la-casa-blanca-rosa-maria-de-la-torre\/","title":{"rendered":"Coordinaci\u00f3n institucional, urgente ante llegada de Trump a la Casa Blanca: Rosa Mar\u00eda de la Torre"},"content":{"rendered":"<p><img loading=\"lazy\" decoding=\"async\" src=\"https:\/\/radiowebmx.com\/nota\/wp-content\/uploads\/2017\/01\/thumbnail_IMG_5240.jpg\" alt=\"thumbnail_IMG_5240\" width=\"709\" height=\"471\" class=\"alignleft size-full wp-image-30101\" srcset=\"https:\/\/radiowebmx.com\/nota\/wp-content\/uploads\/2017\/01\/thumbnail_IMG_5240.jpg 709w, https:\/\/radiowebmx.com\/nota\/wp-content\/uploads\/2017\/01\/thumbnail_IMG_5240-300x199.jpg 300w\" sizes=\"auto, (max-width: 709px) 100vw, 709px\" \/><\/p>\n<p>Michoac\u00e1n, 19 de enero de 2017.- A un d\u00eda de que inicie la presidencia de Donald Trump en Estados Unidos, la diputada Rosa Mar\u00eda de la Torre Torres exhort\u00f3 a los Poderes Ejecutivo, Legislativo y Judicial a conjuntar acciones para proteger la integridad de los michoacanos que viven en Estados Unidos y a coordinar esfuerzos institucionales que permitan hilvanar estrategias para mitigar los efectos de una posible deportaci\u00f3n masiva de connacionales.<\/p>\n<p>La vicepresidenta de la Mesa Directiva del Congreso alert\u00f3 que Michoac\u00e1n ser\u00eda una de las entidades de la Rep\u00fablica m\u00e1s afectadas en caso de que se cumplan las advertencias del Presidente electo de deportar a millones de mexicanos que trabajan sin documentos en Estados Unidos, puesto que no existe un proyecto para hacer frente a lo que consider\u00f3, una tragedia humanitaria.<\/p>\n<p>Por ello, sostuvo, el Grupo Parlamentario del PRI en el Congreso del Estado solicit\u00f3 que en el Presupuesto 2017 se contara con recursos para un programa que atendiera a los michoacanos que se vieran obligados a regresar a la entidad o fueran deportados por las autoridades migratorias de Estados Unidos, sin embargo, el resto de las fuerzas pol\u00edticas representadas en el Legislativo echaron abajo dicha propuesta manifestando desinter\u00e9s sobre esta problem\u00e1tica.<\/p>\n<p>La legisladora pri\u00edsta enfatiz\u00f3 que al margen de las diferencias que existen entre los proyectos pol\u00edticos y las visiones de gobierno debe prevalecer el compromiso por servir a la sociedad y proteger sus intereses, m\u00e1s cuando la amenaza es seria y ajena a los mexicanos.<\/p>\n<p>Se requiere un verdadero compromiso, m\u00e1s all\u00e1 de discursos, con acciones que se reflejen en el bienestar de los ciudadanos, dijo.<\/p>\n<p>En este sentido, expres\u00f3 que desde su labor legislativa seguir\u00e1 impulsando acciones que contribuyan a fortalecer el marco jur\u00eddico que garantice el pleno ejercicio de los derechos de los michoacanos, se fortalezca la legalidad y se proteja a los sectores vulnerables.<\/p>\n","protected":false},"excerpt":{"rendered":"<p>A un d\u00eda de que inicie la presidencia de Donald Trump en Estados Unidos, la diputada Rosa Mar\u00eda de la Torre Torres exhort\u00f3 a los Poderes Ejecutivo, Legislativo y Judicial a conjuntar acciones para proteger la integridad de los michoacanos que viven en Estados Unidos y a coordinar esfuerzos institucionales que permitan hilvanar estrategias para mitigar los efectos de una posible deportaci\u00f3n masiva de connacionales.<\/p>\n","protected":false},"author":1,"featured_media":30101,"comment_status":"open","ping_status":"open","sticky":false,"template":"","format":"standard","meta":{"footnotes":""},"categories":[6,14,7],"tags":[],"class_list":["post-30100","post","type-post","status-publish","format-standard","has-post-thumbnail","hentry","category-congreso-del-estado","category-destacadas","category-grupo-parlamentario-del-pri"],"_links":{"self":[{"href":"https:\/\/radiowebmx.com\/nota\/wp-json\/wp\/v2\/posts\/30100","targetHints":{"allow":["GET"]}}],"collection":[{"href":"https:\/\/radiowebmx.com\/nota\/wp-json\/wp\/v2\/posts"}],"about":[{"href":"https:\/\/radiowebmx.com\/nota\/wp-json\/wp\/v2\/types\/post"}],"author":[{"embeddable":true,"href":"https:\/\/radiowebmx.com\/nota\/wp-json\/wp\/v2\/users\/1"}],"replies":[{"embeddable":true,"href":"https:\/\/radiowebmx.com\/nota\/wp-json\/wp\/v2\/comments?post=30100"}],"version-history":[{"count":1,"href":"https:\/\/radiowebmx.com\/nota\/wp-json\/wp\/v2\/posts\/30100\/revisions"}],"predecessor-version":[{"id":30102,"href":"https:\/\/radiowebmx.com\/nota\/wp-json\/wp\/v2\/posts\/30100\/revisions\/30102"}],"wp:featuredmedia":[{"embeddable":true,"href":"https:\/\/radiowebmx.com\/nota\/wp-json\/wp\/v2\/media\/30101"}],"wp:attachment":[{"href":"https:\/\/radiowebmx.com\/nota\/wp-json\/wp\/v2\/media?parent=30100"}],"wp:term":[{"taxonomy":"category","embeddable":true,"href":"https:\/\/radiowebmx.com\/nota\/wp-json\/wp\/v2\/categories?post=30100"},{"taxonomy":"post_tag","embeddable":true,"href":"https:\/\/radiowebmx.com\/nota\/wp-json\/wp\/v2\/tags?post=30100"}],"curies":[{"name":"wp","href":"https:\/\/api.w.org\/{rel}","templated":true}]}}