{"id":30097,"date":"2017-01-20T11:22:44","date_gmt":"2017-01-20T17:22:44","guid":{"rendered":"https:\/\/radiowebmx.com\/nota\/?p=30097"},"modified":"2017-01-20T11:22:44","modified_gmt":"2017-01-20T17:22:44","slug":"frente-a-las-amenazas-del-exterior-necesario-fortalecer-la-unidad-nacional-y-los-principios-constitucionales-sigala","status":"publish","type":"post","link":"https:\/\/radiowebmx.com\/nota\/frente-a-las-amenazas-del-exterior-necesario-fortalecer-la-unidad-nacional-y-los-principios-constitucionales-sigala\/","title":{"rendered":"Frente a las amenazas  del exterior, necesario fortalecer la unidad nacional y  los principios constitucionales: Sigala"},"content":{"rendered":"<p><img loading=\"lazy\" decoding=\"async\" src=\"https:\/\/radiowebmx.com\/nota\/wp-content\/uploads\/2017\/01\/thumbnail_Comunicado-064_1.jpg\" alt=\"thumbnail_Comunicado 064_1\" width=\"709\" height=\"472\" class=\"alignleft size-full wp-image-30098\" srcset=\"https:\/\/radiowebmx.com\/nota\/wp-content\/uploads\/2017\/01\/thumbnail_Comunicado-064_1.jpg 709w, https:\/\/radiowebmx.com\/nota\/wp-content\/uploads\/2017\/01\/thumbnail_Comunicado-064_1-300x200.jpg 300w\" sizes=\"auto, (max-width: 709px) 100vw, 709px\" \/><\/p>\n<p>Morelia, Mich., a 18 de enero de 2017.- En  la Carta Magna de 1917 se plasmaron las aspiraciones del movimiento revolucionario y se convirtieron en ley suprema el derecho a la educaci\u00f3n y el trabajo, as\u00ed como los derechos de los campesinos sobre la tierra, postulados que generaron cohesi\u00f3n entre los mexicanos, sin embargo; hoy se presenta una situaci\u00f3n geopol\u00edtica sin precedentes que amenaza la soberan\u00eda, por lo cual  es necesario  fortalecer la unidad nacional y refrendar los principios constitucionales y valores que rigen el pa\u00eds, manifest\u00f3 Pascual Sigala Presidente de la Mesa Directiva Congreso del Estado,  en el marco de la instalaci\u00f3n de la Comisi\u00f3n Estatal para la Conmemoraci\u00f3n del Centenario de la Constituci\u00f3n Pol\u00edtica de los Estados Unidos Mexicanos.<\/p>\n<p>En ese contexto hizo una invitaci\u00f3n abierta a la sociedad, a los poderes del Estado, a los acad\u00e9micos, estudiosos del derecho, para que desde nuestro espacio defendamos los derechos tutelados en esta Carta Magna, esos postulados tambi\u00e9n tienen que ver con la integridad del territorio, la independencia, la libertad y el uso soberano del suelo,  subsuelo, recursos naturales  y las aguas.<\/p>\n<p>Resalt\u00f3 el trabajo legislativo de los diputados michoacanos de 1917 quienes fueron encabezados por el General Francisco J. M\u00fagica,  ya que entre ellos hab\u00eda ex combatientes de la revoluci\u00f3n, profesionistas, acad\u00e9micos y luchadores sociales, quienes dotaron al texto constitucional de un fuerte contenido social.<\/p>\n<p>Expres\u00f3 que las diputadas y diputados del H. Congreso del Estado, en su LXXIII Legislatura,  \u201cestamos comprometidos y preparados para honrar el esp\u00edritu del texto constitucional que formalmente  se celebrar\u00e1 el pr\u00f3ximo 5 de febrero de este a\u00f1o su primer centenario\u201d.<\/p>\n<p>El legislativo, apunt\u00f3 Sigala, se sumar\u00e1 a los esfuerzos del Ejecutivo en esta celebraci\u00f3n con el fin de darle la merecida relevancia, y as\u00ed impregnar a las j\u00f3venes generaciones de la historia que guarda Michoac\u00e1n. Adem\u00e1s record\u00f3 que desde el 13 de abril del a\u00f1o pasado, en el Congreso del Estado, se integr\u00f3 una Comisi\u00f3n Especial para el Centenario de la Constituci\u00f3n.<\/p>\n","protected":false},"excerpt":{"rendered":"<p>En  la Carta Magna de 1917 se plasmaron las aspiraciones del movimiento revolucionario y se convirtieron en ley suprema el derecho a la educaci\u00f3n y el trabajo, as\u00ed como los derechos de los campesinos sobre la tierra, postulados que generaron cohesi\u00f3n entre los mexicanos, sin embargo; hoy se presenta una situaci\u00f3n geopol\u00edtica<\/p>\n","protected":false},"author":1,"featured_media":30098,"comment_status":"open","ping_status":"open","sticky":false,"template":"","format":"standard","meta":{"footnotes":""},"categories":[6,14,19],"tags":[],"class_list":["post-30097","post","type-post","status-publish","format-standard","has-post-thumbnail","hentry","category-congreso-del-estado","category-destacadas","category-grupo-parlamentario-del-prd"],"_links":{"self":[{"href":"https:\/\/radiowebmx.com\/nota\/wp-json\/wp\/v2\/posts\/30097","targetHints":{"allow":["GET"]}}],"collection":[{"href":"https:\/\/radiowebmx.com\/nota\/wp-json\/wp\/v2\/posts"}],"about":[{"href":"https:\/\/radiowebmx.com\/nota\/wp-json\/wp\/v2\/types\/post"}],"author":[{"embeddable":true,"href":"https:\/\/radiowebmx.com\/nota\/wp-json\/wp\/v2\/users\/1"}],"replies":[{"embeddable":true,"href":"https:\/\/radiowebmx.com\/nota\/wp-json\/wp\/v2\/comments?post=30097"}],"version-history":[{"count":1,"href":"https:\/\/radiowebmx.com\/nota\/wp-json\/wp\/v2\/posts\/30097\/revisions"}],"predecessor-version":[{"id":30099,"href":"https:\/\/radiowebmx.com\/nota\/wp-json\/wp\/v2\/posts\/30097\/revisions\/30099"}],"wp:featuredmedia":[{"embeddable":true,"href":"https:\/\/radiowebmx.com\/nota\/wp-json\/wp\/v2\/media\/30098"}],"wp:attachment":[{"href":"https:\/\/radiowebmx.com\/nota\/wp-json\/wp\/v2\/media?parent=30097"}],"wp:term":[{"taxonomy":"category","embeddable":true,"href":"https:\/\/radiowebmx.com\/nota\/wp-json\/wp\/v2\/categories?post=30097"},{"taxonomy":"post_tag","embeddable":true,"href":"https:\/\/radiowebmx.com\/nota\/wp-json\/wp\/v2\/tags?post=30097"}],"curies":[{"name":"wp","href":"https:\/\/api.w.org\/{rel}","templated":true}]}}