{"id":30094,"date":"2017-01-20T11:20:47","date_gmt":"2017-01-20T17:20:47","guid":{"rendered":"https:\/\/radiowebmx.com\/nota\/?p=30094"},"modified":"2017-01-20T11:20:47","modified_gmt":"2017-01-20T17:20:47","slug":"celebra-wilfrido-lazaro-la-toma-de-posesion-como-arzobispo-de-morelia-del-monsenor-carlos-garfias","status":"publish","type":"post","link":"https:\/\/radiowebmx.com\/nota\/celebra-wilfrido-lazaro-la-toma-de-posesion-como-arzobispo-de-morelia-del-monsenor-carlos-garfias\/","title":{"rendered":"Celebra Wilfrido L\u00e1zaro la toma de posesi\u00f3n como arzobispo de Morelia, del Monse\u00f1or Carlos Garfias."},"content":{"rendered":"<p><img loading=\"lazy\" decoding=\"async\" src=\"https:\/\/radiowebmx.com\/nota\/wp-content\/uploads\/2017\/01\/Comunicado-063_3.jpeg\" alt=\"Comunicado 063_3\" width=\"709\" height=\"472\" class=\"alignleft size-full wp-image-30095\" srcset=\"https:\/\/radiowebmx.com\/nota\/wp-content\/uploads\/2017\/01\/Comunicado-063_3.jpeg 709w, https:\/\/radiowebmx.com\/nota\/wp-content\/uploads\/2017\/01\/Comunicado-063_3-300x200.jpeg 300w\" sizes=\"auto, (max-width: 709px) 100vw, 709px\" \/><\/p>\n<p>Morelia, Mich., a 18 de enero de 2017.- Un mensaje de paz  a los michoacanos que permita regresar la tranquilidad a este gran estado,  es el que sin duda trae consigo el Monse\u00f1or Carlos Garfias, quien tom\u00f3 posesi\u00f3n como Arzobispo de Morelia, se\u00f1al\u00f3 el diputado del PRI, Wilfrido L\u00e1zaro Medina, al dar la bienvenida al cl\u00e9rigo y reconocer la trayectoria y su aportaci\u00f3n al estado, al Cardenal Alberto Su\u00e1rez Inda.<\/p>\n<p>El legislador pri\u00edsta celebr\u00f3 el llamado del Monse\u00f1or a toda la sociedad michoacana para  erradicar la violencia, la injusticia y la corrupci\u00f3n; a esta convocatoria subray\u00f3, tambi\u00e9n se deben de sumar todos los actores pol\u00edticos de la entidad, que tambi\u00e9n son responsables de construir las acciones, leyes y  pol\u00edticas p\u00fablicas encaminadas a tener un mejor estado.<\/p>\n<p>Asimismo enfatiz\u00f3 que si bien est\u00e1 clara la separaci\u00f3n del Estado y la Iglesia, esta \u00faltima, al igual que otros grupos civiles y religiosos, contribuyen a promover valores entre los ciudadanos y a fomentar un mensaje de paz y de la no violencia.<\/p>\n<p>El Arzobispo de Morelia, Carlos Garfias,  dej\u00f3 en claro que se requiere de la unidad para hacer frente a los grandes retos que tiene el pa\u00eds, por ello sostuvo, L\u00e1zaro Medina que el llamado a conjuntar esfuerzos  para recuperar la paz en Michoac\u00e1n, es solo el inicio para transitar hacia el restablecimiento del Estado de Derecho y devolver la confianza en las instituciones.<\/p>\n<p>El presidente de la comisi\u00f3n de Seguridad y Protecci\u00f3n Civil en el Congreso tambi\u00e9n aprovech\u00f3 para reconocer la trayectoria y la aportaci\u00f3n realizada por el Cardenal Alberto Su\u00e1rez Inda, quien deja un gran legado a esta entidad, en donde se form\u00f3 como pastor de la iglesia. Su labor, resalt\u00f3 el diputado local, trascendi\u00f3 el \u00e1mbito religioso, ya que m\u00e1s all\u00e1 de ideolog\u00edas, el Cardenal siempre hizo un llamado a la unidad, y se  involucr\u00f3 en la soluci\u00f3n de  los problemas sociales del estado.<\/p>\n<p>El diputado del PRI se\u00f1al\u00f3 que ambos cl\u00e9rigos, as\u00ed como otros grupos y asociaciones religiosas, pueden aportar a engrandecer a Michoac\u00e1n desde su trinchera, esto tras recordar que la tarea de restablecer  el estado de derecho y  la paz, as\u00ed como reconstruir el tejido social, es una tarea conjunta que corresponde a toda la sociedad.                      <\/p>\n","protected":false},"excerpt":{"rendered":"<p>Un mensaje de paz  a los michoacanos que permita regresar la tranquilidad a este gran estado,  es el que sin duda trae consigo el Monse\u00f1or Carlos Garfias, quien tom\u00f3 posesi\u00f3n como Arzobispo de Morelia, se\u00f1al\u00f3 el diputado del PRI, Wilfrido L\u00e1zaro Medina, al dar la bienvenida al cl\u00e9rigo y reconocer la trayectoria y su aportaci\u00f3n al estado, al Cardenal Alberto Su\u00e1rez Inda.<\/p>\n","protected":false},"author":1,"featured_media":30095,"comment_status":"open","ping_status":"open","sticky":false,"template":"","format":"standard","meta":{"footnotes":""},"categories":[6,14,7],"tags":[],"class_list":["post-30094","post","type-post","status-publish","format-standard","has-post-thumbnail","hentry","category-congreso-del-estado","category-destacadas","category-grupo-parlamentario-del-pri"],"_links":{"self":[{"href":"https:\/\/radiowebmx.com\/nota\/wp-json\/wp\/v2\/posts\/30094","targetHints":{"allow":["GET"]}}],"collection":[{"href":"https:\/\/radiowebmx.com\/nota\/wp-json\/wp\/v2\/posts"}],"about":[{"href":"https:\/\/radiowebmx.com\/nota\/wp-json\/wp\/v2\/types\/post"}],"author":[{"embeddable":true,"href":"https:\/\/radiowebmx.com\/nota\/wp-json\/wp\/v2\/users\/1"}],"replies":[{"embeddable":true,"href":"https:\/\/radiowebmx.com\/nota\/wp-json\/wp\/v2\/comments?post=30094"}],"version-history":[{"count":1,"href":"https:\/\/radiowebmx.com\/nota\/wp-json\/wp\/v2\/posts\/30094\/revisions"}],"predecessor-version":[{"id":30096,"href":"https:\/\/radiowebmx.com\/nota\/wp-json\/wp\/v2\/posts\/30094\/revisions\/30096"}],"wp:featuredmedia":[{"embeddable":true,"href":"https:\/\/radiowebmx.com\/nota\/wp-json\/wp\/v2\/media\/30095"}],"wp:attachment":[{"href":"https:\/\/radiowebmx.com\/nota\/wp-json\/wp\/v2\/media?parent=30094"}],"wp:term":[{"taxonomy":"category","embeddable":true,"href":"https:\/\/radiowebmx.com\/nota\/wp-json\/wp\/v2\/categories?post=30094"},{"taxonomy":"post_tag","embeddable":true,"href":"https:\/\/radiowebmx.com\/nota\/wp-json\/wp\/v2\/tags?post=30094"}],"curies":[{"name":"wp","href":"https:\/\/api.w.org\/{rel}","templated":true}]}}