{"id":30088,"date":"2017-01-20T11:07:02","date_gmt":"2017-01-20T17:07:02","guid":{"rendered":"https:\/\/radiowebmx.com\/nota\/?p=30088"},"modified":"2017-01-20T11:07:02","modified_gmt":"2017-01-20T17:07:02","slug":"imced-abre-convocatoria-para-sus-talleres-culturales","status":"publish","type":"post","link":"https:\/\/radiowebmx.com\/nota\/imced-abre-convocatoria-para-sus-talleres-culturales\/","title":{"rendered":"IMCED abre convocatoria para sus talleres culturales"},"content":{"rendered":"<p><img loading=\"lazy\" decoding=\"async\" src=\"https:\/\/radiowebmx.com\/nota\/wp-content\/uploads\/2017\/01\/1f660629-8b76-4602-87af-d99b2205a950.jpg\" alt=\"1f660629-8b76-4602-87af-d99b2205a950\" width=\"709\" height=\"531\" class=\"alignleft size-full wp-image-30089\" srcset=\"https:\/\/radiowebmx.com\/nota\/wp-content\/uploads\/2017\/01\/1f660629-8b76-4602-87af-d99b2205a950.jpg 709w, https:\/\/radiowebmx.com\/nota\/wp-content\/uploads\/2017\/01\/1f660629-8b76-4602-87af-d99b2205a950-300x225.jpg 300w\" sizes=\"auto, (max-width: 709px) 100vw, 709px\" \/><\/p>\n<p>Morelia, Michoac\u00e1n, a 20 de enero de 2017.- Con el objetivo de contribuir a la extensi\u00f3n educativa del Instituto Michoacano de Ciencias de la Educaci\u00f3n (IMCED) y promover a formaci\u00f3n de competencias art\u00edsticas, culturales, sociales, c\u00edvicas y de investigaci\u00f3n acad\u00e9mica, fue abierta a profesores, estudiantes y ciudadan\u00eda en general la convocatoria para presentar propuestas de talleres art\u00edsticos-culturales para el periodo febrero\u2013agosto 2017.<\/p>\n<p>Conforme los t\u00e9rminos de la convocatoria emitida por la Subdirecci\u00f3n Acad\u00e9mica del IMCED, podr\u00e1n participar estudiantes y egresados de nivel licenciatura y maestr\u00eda de la instituci\u00f3n, as\u00ed como ciudadan\u00eda en general, ya sean profesionales de las ciencias de la educaci\u00f3n, del arte y\/o la cultura, quienes elaborar\u00e1n una propuesta que incluya el nombre del taller, asesor, objetivo, justificaci\u00f3n (sustento te\u00f3rico de la disciplina o taller), horario propuesto para su impartici\u00f3n, d\u00edas a trabajarlo y costo.<\/p>\n<p>La convocatoria permanecer\u00e1 abierta hasta el lunes 23 de enero de 2017 y ser\u00e1 a trav\u00e9s del Departamento de Difusi\u00f3n Cultural y el Comit\u00e9 de Evaluaci\u00f3n los encargados de dar a conocer los resultados el 27 de enero, mediante la publicaci\u00f3n de la lista de talleres a trav\u00e9s de las redes sociales correspondientes y oficinas del citado departamento.<\/p>\n<p>Las categor\u00edas de los eventos incluyen literatura, con creaci\u00f3n de cuentos, c\u00edrculos de lectura y oratoria y declamaci\u00f3n; en m\u00fasica se contemplan guitarra, rondalla y estudiantina imcediana, adem\u00e1s del \u00e1rea de teatro y diversas danzas.<\/p>\n<p>De igual manera, se admitir\u00e1n propuestas para talleres alternativos, como yoga, y talleres acad\u00e9micos, donde el contenido a impartir ser\u00e1n investigaci\u00f3n, psicomotricidad y redacci\u00f3n de textos acad\u00e9micos. Otros temas ser\u00edan educaci\u00f3n c\u00edvica, club de ajedrez y propuestas libres.<\/p>\n<p>Algunas de las condiciones generales para quienes resulten seleccionados son participar en eventos o actividades que emprendan la Direcci\u00f3n General, Subdirecci\u00f3n Acad\u00e9mica y\/o el Departamento de Difusi\u00f3n Cultural del IMCED, de forma interna y externa; adem\u00e1s, durante el semestre cada asesor informar\u00e1 previamente al Departamento de Difusi\u00f3n Cultural acerca de participaciones en eventos que tengan durante el semestre y que contribuyan al enriquecimiento de las actividades del \u00e1rea.<\/p>\n<p>Las y los interesados en participar en esta convocatoria pueden obtener m\u00e1s informes en las instalaciones del IMCED, ubicadas en Calzada Ju\u00e1rez 1600, fraccionamiento Villa Universidad, en la capital michoacana; en los tel\u00e9fonos (443) 3167515 \/16, extensiones 108, 137, 153; en Difusi\u00f3n IMCED, al tel\u00e9fono 4431385880; en la p\u00e1gina web www.imced.edu.mx; en el correo electr\u00f3nico difculturalimced@gmail.com, y en difusionculturalimced.wordpress.com.<\/p>\n","protected":false},"excerpt":{"rendered":"<p> Con el objetivo de contribuir a la extensi\u00f3n educativa del Instituto Michoacano de Ciencias de la Educaci\u00f3n (IMCED) y promover a formaci\u00f3n de competencias art\u00edsticas, culturales, sociales, c\u00edvicas y de investigaci\u00f3n acad\u00e9mica<\/p>\n","protected":false},"author":1,"featured_media":30089,"comment_status":"open","ping_status":"open","sticky":false,"template":"","format":"standard","meta":{"footnotes":""},"categories":[14,3],"tags":[],"class_list":["post-30088","post","type-post","status-publish","format-standard","has-post-thumbnail","hentry","category-destacadas","category-gobierno-del-estado-de-michoacan"],"_links":{"self":[{"href":"https:\/\/radiowebmx.com\/nota\/wp-json\/wp\/v2\/posts\/30088","targetHints":{"allow":["GET"]}}],"collection":[{"href":"https:\/\/radiowebmx.com\/nota\/wp-json\/wp\/v2\/posts"}],"about":[{"href":"https:\/\/radiowebmx.com\/nota\/wp-json\/wp\/v2\/types\/post"}],"author":[{"embeddable":true,"href":"https:\/\/radiowebmx.com\/nota\/wp-json\/wp\/v2\/users\/1"}],"replies":[{"embeddable":true,"href":"https:\/\/radiowebmx.com\/nota\/wp-json\/wp\/v2\/comments?post=30088"}],"version-history":[{"count":1,"href":"https:\/\/radiowebmx.com\/nota\/wp-json\/wp\/v2\/posts\/30088\/revisions"}],"predecessor-version":[{"id":30090,"href":"https:\/\/radiowebmx.com\/nota\/wp-json\/wp\/v2\/posts\/30088\/revisions\/30090"}],"wp:featuredmedia":[{"embeddable":true,"href":"https:\/\/radiowebmx.com\/nota\/wp-json\/wp\/v2\/media\/30089"}],"wp:attachment":[{"href":"https:\/\/radiowebmx.com\/nota\/wp-json\/wp\/v2\/media?parent=30088"}],"wp:term":[{"taxonomy":"category","embeddable":true,"href":"https:\/\/radiowebmx.com\/nota\/wp-json\/wp\/v2\/categories?post=30088"},{"taxonomy":"post_tag","embeddable":true,"href":"https:\/\/radiowebmx.com\/nota\/wp-json\/wp\/v2\/tags?post=30088"}],"curies":[{"name":"wp","href":"https:\/\/api.w.org\/{rel}","templated":true}]}}