{"id":30081,"date":"2017-01-20T10:59:47","date_gmt":"2017-01-20T16:59:47","guid":{"rendered":"https:\/\/radiowebmx.com\/nota\/?p=30081"},"modified":"2017-01-20T10:59:47","modified_gmt":"2017-01-20T16:59:47","slug":"avanza-fortalecimiento-y-capacitacion-de-la-policia-michoacan","status":"publish","type":"post","link":"https:\/\/radiowebmx.com\/nota\/avanza-fortalecimiento-y-capacitacion-de-la-policia-michoacan\/","title":{"rendered":"Avanza fortalecimiento y capacitaci\u00f3n de la Polic\u00eda Michoac\u00e1n"},"content":{"rendered":"<p><img loading=\"lazy\" decoding=\"async\" src=\"https:\/\/radiowebmx.com\/nota\/wp-content\/uploads\/2017\/01\/4fb16aba-099b-411d-b9e3-e7f5233cea84.jpg\" alt=\"4fb16aba-099b-411d-b9e3-e7f5233cea84\" width=\"709\" height=\"531\" class=\"alignleft size-full wp-image-30082\" srcset=\"https:\/\/radiowebmx.com\/nota\/wp-content\/uploads\/2017\/01\/4fb16aba-099b-411d-b9e3-e7f5233cea84.jpg 709w, https:\/\/radiowebmx.com\/nota\/wp-content\/uploads\/2017\/01\/4fb16aba-099b-411d-b9e3-e7f5233cea84-300x225.jpg 300w\" sizes=\"auto, (max-width: 709px) 100vw, 709px\" \/><\/p>\n<p>Morelia, Michoac\u00e1n, a 20 de enero de 2017.- A trav\u00e9s de la capacitaci\u00f3n permanente y reforzamiento de los cuerpos de seguridad estatales y municipales, Michoac\u00e1n cuenta con una polic\u00eda cercana a la ciudadan\u00eda y que realiza acciones integrales en beneficio de la sociedad.<\/p>\n<p>Por medio del Instituto Estatal de Estudios Superiores en Seguridad y Profesionalizaci\u00f3n Policial (IEESSPP) se han podido signar convenios para la capacitaci\u00f3n policial en toda la entidad, y de manera particular en los municipios de Morelia, Uruapan, Tar\u00edmbaro y con el Secretariado Ejecutivo del Sistema Estatal de Seguridad P\u00fablica (SESESP).<\/p>\n<p>En sesi\u00f3n de la Junta de Gobierno del IEESSPP, en su car\u00e1cter de presidente, el secretario de Gobierno, Adri\u00e1n L\u00f3pez Sol\u00eds, se\u00f1al\u00f3 que desde el inicio de la administraci\u00f3n que encabeza el Gobernador Silvano Aureoles Conejo, se han buscado fortalecer las acciones de contar con la Polic\u00eda Michoac\u00e1n a fin de realizar distintas actividades que garanticen la seguridad p\u00fablica en toda la entidad.<\/p>\n<p>Por su parte, el director del IEESSPP, J. Antonio Bernal Bustamante, entreg\u00f3 el informe de las actividades hechas durante los \u00faltimos meses en la dependencia, mismas que comprenden los convenios de colaboraci\u00f3n con municipios, la Secretar\u00eda de Seguridad P\u00fablica y el SESESP.<\/p>\n<p>Recalc\u00f3 que han podido implementar capacitaciones en los cursos de Polic\u00eda Primer Respondiente; Formaci\u00f3n Inicial Primera Generaci\u00f3n; T\u00e9cnicos de la Funci\u00f3n Policial; Diplomado de Atenci\u00f3n a V\u00edctimas; y Formaci\u00f3n Inicial de Segunda Generaci\u00f3n.<\/p>\n<p>Para el presente a\u00f1o se buscan, a trav\u00e9s de la Iniciativa M\u00e9rida, aterrizar la construcci\u00f3n de un stand de tiro virtual fijo y m\u00f3vil; un simulador de conducci\u00f3n; equipamiento policial; adem\u00e1s de cursos de capacitaci\u00f3n y especializaci\u00f3n policial que impartir\u00e1n expertos en seguridad de otros pa\u00edses.<\/p>\n<p>Destac\u00f3 el fortalecimiento que se ha dado desde el inicio de la actual administraci\u00f3n estatal, ya que las actividades desarrolladas por el IEESSPP han permitido que opere en n\u00fameros negros, es decir, con recursos para su mejoramiento, mismos que permitir\u00e1n para el presente a\u00f1o llevar a cabo distintos programas y acciones que contin\u00faen el objetivo de tener una mejor polic\u00eda acorde a las demandas sociales en materia de seguridad.<\/p>\n<p>Cabe mencionar que durante la sesi\u00f3n de la Junta de Gobierno del IEESSPP, fueron designados \u00c1ngel Omar Escobar Gonz\u00e1lez como subdirector Operativo; Alma Delia Pati\u00f1o S\u00e1nchez al frente del Departamento Administrativo; y Olga Roc\u00edo T\u00e9llez Carrillo en la Coordinaci\u00f3n Acad\u00e9mica.<\/p>\n","protected":false},"excerpt":{"rendered":"<p>A trav\u00e9s de la capacitaci\u00f3n permanente y reforzamiento de los cuerpos de seguridad estatales y municipales, Michoac\u00e1n cuenta con una polic\u00eda cercana a la ciudadan\u00eda y que realiza acciones integrales en beneficio de la sociedad.<\/p>\n","protected":false},"author":1,"featured_media":30082,"comment_status":"open","ping_status":"open","sticky":false,"template":"","format":"standard","meta":{"footnotes":""},"categories":[14,9],"tags":[],"class_list":["post-30081","post","type-post","status-publish","format-standard","has-post-thumbnail","hentry","category-destacadas","category-morelia"],"_links":{"self":[{"href":"https:\/\/radiowebmx.com\/nota\/wp-json\/wp\/v2\/posts\/30081","targetHints":{"allow":["GET"]}}],"collection":[{"href":"https:\/\/radiowebmx.com\/nota\/wp-json\/wp\/v2\/posts"}],"about":[{"href":"https:\/\/radiowebmx.com\/nota\/wp-json\/wp\/v2\/types\/post"}],"author":[{"embeddable":true,"href":"https:\/\/radiowebmx.com\/nota\/wp-json\/wp\/v2\/users\/1"}],"replies":[{"embeddable":true,"href":"https:\/\/radiowebmx.com\/nota\/wp-json\/wp\/v2\/comments?post=30081"}],"version-history":[{"count":1,"href":"https:\/\/radiowebmx.com\/nota\/wp-json\/wp\/v2\/posts\/30081\/revisions"}],"predecessor-version":[{"id":30083,"href":"https:\/\/radiowebmx.com\/nota\/wp-json\/wp\/v2\/posts\/30081\/revisions\/30083"}],"wp:featuredmedia":[{"embeddable":true,"href":"https:\/\/radiowebmx.com\/nota\/wp-json\/wp\/v2\/media\/30082"}],"wp:attachment":[{"href":"https:\/\/radiowebmx.com\/nota\/wp-json\/wp\/v2\/media?parent=30081"}],"wp:term":[{"taxonomy":"category","embeddable":true,"href":"https:\/\/radiowebmx.com\/nota\/wp-json\/wp\/v2\/categories?post=30081"},{"taxonomy":"post_tag","embeddable":true,"href":"https:\/\/radiowebmx.com\/nota\/wp-json\/wp\/v2\/tags?post=30081"}],"curies":[{"name":"wp","href":"https:\/\/api.w.org\/{rel}","templated":true}]}}