{"id":30078,"date":"2017-01-20T10:58:07","date_gmt":"2017-01-20T16:58:07","guid":{"rendered":"https:\/\/radiowebmx.com\/nota\/?p=30078"},"modified":"2017-01-20T10:58:07","modified_gmt":"2017-01-20T16:58:07","slug":"da-gobernador-continuidad-al-acuerdo-de-ajuste-al-gasto-publico-y-fortalecimiento-de-la-economia-estatal","status":"publish","type":"post","link":"https:\/\/radiowebmx.com\/nota\/da-gobernador-continuidad-al-acuerdo-de-ajuste-al-gasto-publico-y-fortalecimiento-de-la-economia-estatal\/","title":{"rendered":"Da Gobernador continuidad al Acuerdo de Ajuste al Gasto P\u00fablico y Fortalecimiento de la Econom\u00eda estatal"},"content":{"rendered":"<p><img loading=\"lazy\" decoding=\"async\" src=\"https:\/\/radiowebmx.com\/nota\/wp-content\/uploads\/2017\/01\/2e8c2250-1b61-4bd1-ba4a-96e05bda1125.jpg\" alt=\"2e8c2250-1b61-4bd1-ba4a-96e05bda1125\" width=\"709\" height=\"472\" class=\"alignleft size-full wp-image-30079\" srcset=\"https:\/\/radiowebmx.com\/nota\/wp-content\/uploads\/2017\/01\/2e8c2250-1b61-4bd1-ba4a-96e05bda1125.jpg 709w, https:\/\/radiowebmx.com\/nota\/wp-content\/uploads\/2017\/01\/2e8c2250-1b61-4bd1-ba4a-96e05bda1125-300x200.jpg 300w\" sizes=\"auto, (max-width: 709px) 100vw, 709px\" \/><\/p>\n<p>Morelia, Michoac\u00e1n, a 19 de enero de 2017.- La noche de este jueves, el Gobernador del Estado Silvano Aureoles Conejo, se reuni\u00f3 con integrantes de su Gabinete para revisar los avances en la implementaci\u00f3n de los programas para el fortalecimiento de la econom\u00eda de las familias de esta entidad, que se derivan del Acuerdo que present\u00f3 en d\u00edas pasados.<\/p>\n<p>Aureoles Conejo urgi\u00f3 a que, a la brevedad  posible, puedan ponerse en marcha los programas Cr\u00e9dito \u00c1gil y de fomento al consumo local M\u00e1s barato, sano y nutritivo, de tal manera que se cumpla el objetivo de apoyar a que las y los michoacanos tengan alternativas para mejorar su calidad de vida, ante el dif\u00edcil panorama econ\u00f3mico nacional y mundial.<\/p>\n<p>Tambi\u00e9n, revis\u00f3 de manera puntual los avances en lo referente al recorte de personal de contrato, congelaci\u00f3n de plazas y eficiencia del gasto, que se establecieron como medidas de estricta observancia en el Acuerdo Administrativo para el Ajuste en el Gasto P\u00fablico y Eficiencia en el Gobierno para Fortalecer la Econom\u00eda y las Finanzas P\u00fablicas del Estado, mismo que se public\u00f3 en el Peri\u00f3dico Oficial el pasado martes 17 de enero.<\/p>\n<p>Aureoles Conejo recalc\u00f3 que su compromiso con la poblaci\u00f3n es implementar acciones concretas que den resultados en el corto plazo y no claudicar\u00e1 a ello. <\/p>\n<p>Tambi\u00e9n revis\u00f3 los avances en las campa\u00f1as de promoci\u00f3n del consumo de productos michoacanos. <\/p>\n<p>En esta reuni\u00f3n estuvieron presentes el coordinador de Gabinete y Planeaci\u00f3n, V\u00edctor Lichtinger Waisman; los titulares de Finanzas y Administraci\u00f3n, Carlos Maldonado Mendoza; de Desarrollo Econ\u00f3mico, Antonio Soto S\u00e1nchez; de Desarrollo Rural y Agroalimentario, Francisco Huergo Maurin; de Contralor\u00eda, Silvia Estrada Esquivel; de Comunicaciones y Obras P\u00fablicas, Jos\u00e9 Juan Dom\u00ednguez L\u00f3pez; de Desarrollo Territorial, Urbano y Movilidad, Sergio Adem Argueta; la coordinadora general de Comunicaci\u00f3n Social, Julieta L\u00f3pez Bautista; el titular de la Comisi\u00f3n Coordinadora del Transporte, Marco Antonio Lagunas V\u00e1squez; el secretario t\u00e9cnico del Gobernador, Jes\u00fas Melgoza Vel\u00e1zquez; el coordinador de asesores, Guillermo Rizo Hern\u00e1ndez; el director del Icatmi, Israel Tentory Garc\u00eda; el secretario particular, Miguel Alonso Olamendi, por mencionar algunos.<\/p>\n","protected":false},"excerpt":{"rendered":"<p>La noche de este jueves, el Gobernador del Estado Silvano Aureoles Conejo, se reuni\u00f3 con integrantes de su Gabinete para revisar los avances en la implementaci\u00f3n de los programas para el fortalecimiento de la econom\u00eda de las familias de esta entidad, que se derivan del Acuerdo que present\u00f3 en d\u00edas pasados.<\/p>\n","protected":false},"author":1,"featured_media":30079,"comment_status":"open","ping_status":"open","sticky":false,"template":"","format":"standard","meta":{"footnotes":""},"categories":[14,3],"tags":[],"class_list":["post-30078","post","type-post","status-publish","format-standard","has-post-thumbnail","hentry","category-destacadas","category-gobierno-del-estado-de-michoacan"],"_links":{"self":[{"href":"https:\/\/radiowebmx.com\/nota\/wp-json\/wp\/v2\/posts\/30078","targetHints":{"allow":["GET"]}}],"collection":[{"href":"https:\/\/radiowebmx.com\/nota\/wp-json\/wp\/v2\/posts"}],"about":[{"href":"https:\/\/radiowebmx.com\/nota\/wp-json\/wp\/v2\/types\/post"}],"author":[{"embeddable":true,"href":"https:\/\/radiowebmx.com\/nota\/wp-json\/wp\/v2\/users\/1"}],"replies":[{"embeddable":true,"href":"https:\/\/radiowebmx.com\/nota\/wp-json\/wp\/v2\/comments?post=30078"}],"version-history":[{"count":1,"href":"https:\/\/radiowebmx.com\/nota\/wp-json\/wp\/v2\/posts\/30078\/revisions"}],"predecessor-version":[{"id":30080,"href":"https:\/\/radiowebmx.com\/nota\/wp-json\/wp\/v2\/posts\/30078\/revisions\/30080"}],"wp:featuredmedia":[{"embeddable":true,"href":"https:\/\/radiowebmx.com\/nota\/wp-json\/wp\/v2\/media\/30079"}],"wp:attachment":[{"href":"https:\/\/radiowebmx.com\/nota\/wp-json\/wp\/v2\/media?parent=30078"}],"wp:term":[{"taxonomy":"category","embeddable":true,"href":"https:\/\/radiowebmx.com\/nota\/wp-json\/wp\/v2\/categories?post=30078"},{"taxonomy":"post_tag","embeddable":true,"href":"https:\/\/radiowebmx.com\/nota\/wp-json\/wp\/v2\/tags?post=30078"}],"curies":[{"name":"wp","href":"https:\/\/api.w.org\/{rel}","templated":true}]}}