{"id":30062,"date":"2017-01-20T10:35:41","date_gmt":"2017-01-20T16:35:41","guid":{"rendered":"https:\/\/radiowebmx.com\/nota\/?p=30062"},"modified":"2017-01-20T10:35:54","modified_gmt":"2017-01-20T16:35:54","slug":"el-gobierno-del-estado-por-un-michoacan-100-libre-de-humo-de-tabac","status":"publish","type":"post","link":"https:\/\/radiowebmx.com\/nota\/el-gobierno-del-estado-por-un-michoacan-100-libre-de-humo-de-tabac\/","title":{"rendered":"El Gobierno del Estado, por un Michoac\u00e1n 100% libre de humo de tabac"},"content":{"rendered":"<p><img loading=\"lazy\" decoding=\"async\" src=\"https:\/\/radiowebmx.com\/nota\/wp-content\/uploads\/2017\/01\/5d3f436a-c107-4a7e-a30e-47a2b82f67fa.jpg\" alt=\"5d3f436a-c107-4a7e-a30e-47a2b82f67fa\" width=\"709\" height=\"472\" class=\"alignleft size-full wp-image-30063\" srcset=\"https:\/\/radiowebmx.com\/nota\/wp-content\/uploads\/2017\/01\/5d3f436a-c107-4a7e-a30e-47a2b82f67fa.jpg 709w, https:\/\/radiowebmx.com\/nota\/wp-content\/uploads\/2017\/01\/5d3f436a-c107-4a7e-a30e-47a2b82f67fa-300x200.jpg 300w\" sizes=\"auto, (max-width: 709px) 100vw, 709px\" \/><\/p>\n<p>Morelia, Michoac\u00e1n, a 19 de enero de 2017.- A fin de impulsar la actualizaci\u00f3n de la Ley de Protecci\u00f3n de los No Fumadores y colocar a Michoac\u00e1n como el segundo estado del Centro Occidente del pa\u00eds 100 por ciento libre de humo de tabaco, el pr\u00f3ximo lunes en Casa de Gobierno se llevar\u00e1 a cabo el Foro Estatal de Informaci\u00f3n para la Armonizaci\u00f3n de la Ley de Protecci\u00f3n de los No Fumadores, anunci\u00f3 Juan Arturo Sabines Torres, Director de la Oficina Nacional para el Control de Tabaco y Alcoholismo del Consejo Nacional Contra las Adicciones (Conadic).<\/p>\n<p>En conferencia de prensa y acompa\u00f1ado de la titular de la Secretar\u00eda de Salud de Michoac\u00e1n (SSM), Silvia Hern\u00e1ndez Capi y del titular de la Consejer\u00eda Jur\u00eddica del Ejecutivo del Estado, Sergio Mecino Morales, el funcionario federal inform\u00f3 que en marzo del a\u00f1o pasado el comisionado de Conadic, Manuel Mondrag\u00f3n y Kalb, suscribi\u00f3 un convenio de colaboraci\u00f3n con el Gobierno de Michoac\u00e1n para iniciar los trabajos que permitan la actualizaci\u00f3n de la ley en la materia.<\/p>\n<p>Destac\u00f3 el inter\u00e9s de la administraci\u00f3n que encabeza el Gobernador Silvano Aureoles Conejo para consolidar a la brevedad la armonizaci\u00f3n de esta iniciativa de ley para garantizar que ya no haya \u00e1reas interiores en los establecimientos reservadas para fumar.<\/p>\n<p>Recalc\u00f3 que para proteger plenamente la salud de las y los michoacanos es fundamental contar con espacios p\u00fablicos libres de humo de tabaco, como son las oficinas de gobierno, tiendas, escuelas, transporte, entre otros, toda vez que el nivel de exposici\u00f3n es elevado y deriva con el tiempo en una lista de enfermedades de funestas consecuencias.<\/p>\n<p>Dijo que el tabaquismo es la principalmente causa de muerte en el mundo y que hay evidencia de que las personas que rodean a los que fuman tambi\u00e9n enferman.<\/p>\n<p>Indic\u00f3 que M\u00e9xico fue el primer pa\u00eds en suscribir el convenio marco de Control de Tabaco y que actualmente se cuenta con 11 marcos jur\u00eddicos estatales que son 100 por ciento libres de humo de tabaco; sin embargo, Michoac\u00e1n ser\u00e1 \u201cel primer estado de la regi\u00f3n, despu\u00e9s del Estado de M\u00e9xico, 100 por ciento libre de humo de tabaco que armonice su ley, dispuesto el convenio marco y establezca plenamente los espacios p\u00fablicos libres de tabaco sin la contemplaci\u00f3n de \u00e1reas reservadas para fumar\u201d.<\/p>\n<p>Sabines Torres invit\u00f3 a las y los legisladores y al sector empresarial a este Foro, y a la poblaci\u00f3n le recomend\u00f3 sumarse a este esfuerzo denunciando la venta de cigarros sueltos que tanto da\u00f1a a la salud, sobre todo a los menores de edad.<\/p>\n<p>Por su parte, la titular de la SSM, Silvia Hern\u00e1ndez, invit\u00f3 a la ciudadan\u00eda en general a participar en este Foro, tras explicar el severo da\u00f1o que ocasiona al organismo el humo de cigarro incluso a los fumadores pasivos.<\/p>\n<p>En su intervenci\u00f3n, el consejero jur\u00eddico del Ejecutivo del Estado, refiri\u00f3 que en el Foro Estatal para la Armonizaci\u00f3n de la Ley de Protecci\u00f3n de los No Fumadores se contar\u00e1 con la presencia de importantes ponentes, como Manuel Mondrag\u00f3n y Kalb, el presidente de la Comisi\u00f3n de Salud del Congreso del Estado, y otros funcionarios federales y estatales.<\/p>\n<p>Anticip\u00f3 que este evento arrojar\u00e1 interesantes propuestas para lograr que Michoac\u00e1n sea un estado 100 por ciento libre de humo.<\/p>\n<p>\u201cHace falta sumar a la sociedad organizada, a los ayuntamientos, pero que se involucren de manera consciente para que cualquier ciudadano pueda denunciar al establecimiento que no cumpla con estas medidas que marca la ley; que haya informaci\u00f3n sobre d\u00f3nde se pueden hacer las denuncias y qu\u00e9 es lo que tienen que hacer los ciudadanos para reportar un caso cuando alguien se encuentre fumando en un lugar prohibido\u201d, argument\u00f3 Mecino Morales.<\/p>\n","protected":false},"excerpt":{"rendered":"<p>A fin de impulsar la actualizaci\u00f3n de la Ley de Protecci\u00f3n de los No Fumadores y colocar a Michoac\u00e1n como el segundo estado del Centro Occidente del pa\u00eds 100 por ciento libre de humo de tabaco, el pr\u00f3ximo lunes en Casa de Gobierno se llevar\u00e1 a cabo el Foro Estatal de Informaci\u00f3n para la Armonizaci\u00f3n de la Ley de Protecci\u00f3n de los No Fumadores,<\/p>\n","protected":false},"author":1,"featured_media":30063,"comment_status":"open","ping_status":"open","sticky":false,"template":"","format":"standard","meta":{"footnotes":""},"categories":[14,3],"tags":[],"class_list":["post-30062","post","type-post","status-publish","format-standard","has-post-thumbnail","hentry","category-destacadas","category-gobierno-del-estado-de-michoacan"],"_links":{"self":[{"href":"https:\/\/radiowebmx.com\/nota\/wp-json\/wp\/v2\/posts\/30062","targetHints":{"allow":["GET"]}}],"collection":[{"href":"https:\/\/radiowebmx.com\/nota\/wp-json\/wp\/v2\/posts"}],"about":[{"href":"https:\/\/radiowebmx.com\/nota\/wp-json\/wp\/v2\/types\/post"}],"author":[{"embeddable":true,"href":"https:\/\/radiowebmx.com\/nota\/wp-json\/wp\/v2\/users\/1"}],"replies":[{"embeddable":true,"href":"https:\/\/radiowebmx.com\/nota\/wp-json\/wp\/v2\/comments?post=30062"}],"version-history":[{"count":1,"href":"https:\/\/radiowebmx.com\/nota\/wp-json\/wp\/v2\/posts\/30062\/revisions"}],"predecessor-version":[{"id":30064,"href":"https:\/\/radiowebmx.com\/nota\/wp-json\/wp\/v2\/posts\/30062\/revisions\/30064"}],"wp:featuredmedia":[{"embeddable":true,"href":"https:\/\/radiowebmx.com\/nota\/wp-json\/wp\/v2\/media\/30063"}],"wp:attachment":[{"href":"https:\/\/radiowebmx.com\/nota\/wp-json\/wp\/v2\/media?parent=30062"}],"wp:term":[{"taxonomy":"category","embeddable":true,"href":"https:\/\/radiowebmx.com\/nota\/wp-json\/wp\/v2\/categories?post=30062"},{"taxonomy":"post_tag","embeddable":true,"href":"https:\/\/radiowebmx.com\/nota\/wp-json\/wp\/v2\/tags?post=30062"}],"curies":[{"name":"wp","href":"https:\/\/api.w.org\/{rel}","templated":true}]}}