{"id":2989,"date":"2013-06-24T11:20:52","date_gmt":"2013-06-24T16:20:52","guid":{"rendered":"https:\/\/radiowebmx.com\/nota\/?p=2989"},"modified":"2013-07-03T14:08:06","modified_gmt":"2013-07-03T19:08:06","slug":"ofrece-gobernador-jesus-reyna-respaldo-a-nino-prodigio-luis-roberto-ramirez-para-cumplir-sus-proyectos%e2%80%8f","status":"publish","type":"post","link":"https:\/\/radiowebmx.com\/nota\/ofrece-gobernador-jesus-reyna-respaldo-a-nino-prodigio-luis-roberto-ramirez-para-cumplir-sus-proyectos%e2%80%8f\/","title":{"rendered":"Ofrece gobernador Jes\u00fas Reyna respaldo a ni\u00f1o prodigio Luis Roberto Ram\u00edrez para cumplir sus proyectos\u200f"},"content":{"rendered":"<p><a href=\"https:\/\/radiowebmx.com\/nota\/wp-content\/uploads\/2013\/06\/DSC_4701.jpg\"><img loading=\"lazy\" decoding=\"async\" class=\"alignleft size-full wp-image-2991\" alt=\"DSC_4701\" src=\"https:\/\/radiowebmx.com\/nota\/wp-content\/uploads\/2013\/06\/DSC_4701.jpg\" width=\"591\" height=\"260\" \/><\/a>El gobernador del estado, Jes\u00fas Reyna Garc\u00eda, recibi\u00f3 en su despacho al ni\u00f1o prodigio michoacano Luis Roberto Ram\u00edrez \u00c1lvarez, quien acompa\u00f1ado de sus padres, hermano y abuelos, le manifest\u00f3 el inter\u00e9s de convertirse en f\u00edsico cu\u00e1ntico para apoyar a su estado con el desarrollo de tecnolog\u00eda \u201cy que de Michoac\u00e1n, se extienda a todo el pa\u00eds\u201d. Luego de manifestar que para la entidad es un orgullo y privilegio contar con este peque\u00f1o michoacano de gran entusiasmo, el mandatario estatal Reyna Garc\u00eda ofreci\u00f3 el respaldo y acompa\u00f1amiento del gobierno de Michoac\u00e1n para que este ni\u00f1o zamorano cumpla con su prop\u00f3sito de prepararse para en un futuro, hacer mucho por su estado y su pa\u00eds.<\/p>\n","protected":false},"excerpt":{"rendered":"<p>El gobernador del estado, Jes\u00fas Reyna Garc\u00eda, recibi\u00f3 en su despacho al ni\u00f1o prodigio michoacano Luis Roberto Ram\u00edrez \u00c1lvarez<\/p>\n","protected":false},"author":1,"featured_media":0,"comment_status":"open","ping_status":"open","sticky":false,"template":"","format":"standard","meta":{"footnotes":""},"categories":[14,3],"tags":[],"class_list":["post-2989","post","type-post","status-publish","format-standard","hentry","category-destacadas","category-gobierno-del-estado-de-michoacan"],"_links":{"self":[{"href":"https:\/\/radiowebmx.com\/nota\/wp-json\/wp\/v2\/posts\/2989","targetHints":{"allow":["GET"]}}],"collection":[{"href":"https:\/\/radiowebmx.com\/nota\/wp-json\/wp\/v2\/posts"}],"about":[{"href":"https:\/\/radiowebmx.com\/nota\/wp-json\/wp\/v2\/types\/post"}],"author":[{"embeddable":true,"href":"https:\/\/radiowebmx.com\/nota\/wp-json\/wp\/v2\/users\/1"}],"replies":[{"embeddable":true,"href":"https:\/\/radiowebmx.com\/nota\/wp-json\/wp\/v2\/comments?post=2989"}],"version-history":[{"count":5,"href":"https:\/\/radiowebmx.com\/nota\/wp-json\/wp\/v2\/posts\/2989\/revisions"}],"predecessor-version":[{"id":2993,"href":"https:\/\/radiowebmx.com\/nota\/wp-json\/wp\/v2\/posts\/2989\/revisions\/2993"}],"wp:attachment":[{"href":"https:\/\/radiowebmx.com\/nota\/wp-json\/wp\/v2\/media?parent=2989"}],"wp:term":[{"taxonomy":"category","embeddable":true,"href":"https:\/\/radiowebmx.com\/nota\/wp-json\/wp\/v2\/categories?post=2989"},{"taxonomy":"post_tag","embeddable":true,"href":"https:\/\/radiowebmx.com\/nota\/wp-json\/wp\/v2\/tags?post=2989"}],"curies":[{"name":"wp","href":"https:\/\/api.w.org\/{rel}","templated":true}]}}