{"id":2975,"date":"2013-06-18T11:25:17","date_gmt":"2013-06-18T16:25:17","guid":{"rendered":"https:\/\/radiowebmx.com\/nota\/?p=2975"},"modified":"2013-06-18T11:25:17","modified_gmt":"2013-06-18T16:25:17","slug":"temas-de-cafe-58","status":"publish","type":"post","link":"https:\/\/radiowebmx.com\/nota\/temas-de-cafe-58\/","title":{"rendered":"TEMAS DE CAF\u00c9"},"content":{"rendered":"<ul>\n<li>EN JULIO REGRESA FAUSTO<\/li>\n<li>SUSPENDER LAS GARANTIAS<\/li>\n<li>SI SE FIRMARON MINUTAS<\/li>\n<li>VAN CONTRA MARIO MAGA\u00d1A<\/li>\n<\/ul>\n<p><a href=\"https:\/\/radiowebmx.com\/nota\/wp-content\/uploads\/2013\/06\/temas-de-cafe.jpg\"><img loading=\"lazy\" decoding=\"async\" class=\"alignleft size-full wp-image-2805\" alt=\"temas de cafe\" src=\"https:\/\/radiowebmx.com\/nota\/wp-content\/uploads\/2013\/06\/temas-de-cafe.jpg\" width=\"295\" height=\"171\" \/><\/a>Vaya que esta semana inicia con muchas sorpresas, primero nos comentan de muy buena fuente, que el gobernador con licencia, presionado por m\u00e1s de la mitad del gabinete, est\u00e1 pensando seriamente en regresar al gobierno, en los primeros d\u00edas de julio, o sea en unas dos semanas, de ser cierta esta versi\u00f3n Fausto estar\u00eda retomando el mando estatal, pero ser\u00eda por poco tiempo, porque esta es la buena noticia para los hu\u00e9rfanos de Fausto, es decir los funcionarios que consideran, que sin \u00e9l en el gobierno podr\u00edan salir de la administraci\u00f3n.<\/p>\n<p>LA MALA NOTICIA ES QUE SU SALUD ESTA MUY MINADA<\/p>\n<p>La buen anoticia es que Fausto\u00a0 regresar\u00eda al poder estatal, al mando a ejercer lo que gan\u00f3 en las urnas, pero la mala es que Fausto no fue viable para ning\u00fan tratamiento en los EUA, referente a trasplantes ni de ri\u00f1\u00f3n ni de h\u00edgado, pero ha respondido muy bien a los tratamientos m\u00e9dicos, por lo cual ahora se encuentra estable, y como lo ha comentado en varias ocasiones, nuestro amigo Armando Saavedra, Fausto tendr\u00e1 unos 15 d\u00edas en Morelia, desde luego su familia y sus amigos, le han ayudado a mejorar \u00a0notoriamente, dentro de su gravedad desde luego.<\/p>\n<p>ANALISTAS RECOMIENDAN SUSPENDER GARANTIAS<\/p>\n<p>Sus verdaderos amigos quienes no temen perder su trabajo, por su ausencia le recomiendan se abstenga de ejercer el poder ejecutivo, porque las cosas en Michoac\u00e1n requieren, un gobernador de tiempo completo, porque de acuerdo a los analistas pol\u00edticos y en seguridad, se requiere una \u00a0cirug\u00eda mayor es decir a grandes males, grandes remedios como dec\u00eda la abuela, y recomiendan una suspensi\u00f3n de garant\u00edas, por lo menos en dos a\u00f1os para volver a Michoac\u00e1n, a niveles aceptables de convivencia social.<\/p>\n<p>Hoy los michoacanos vivimos con el temor reflejado en el rostro, no se puede andar por las noches en forma tranquila, menos en lugares solitarios, porque existe el miedo de ser asaltos violentamente, esto en Morelia donde aunque ese diga lo contrario, el \u00edndice de delitos la verdad no ha bajado, se mantiene a pesar de la vigilancia que dicen hacen, pero en el interior del estado, es peor la situaci\u00f3n aunque es\u00a0 verdad Michoac\u00e1n no est\u00e1 en llamas, pero si existe temor e incertidumbre.<\/p>\n<p>Por ejemplo mucha gente est\u00e1 emigrando de la entidad, por la inseguridad, ya que cualquier negocio es visitado por el crimen organizado, y muchos mejor tienen que cerrar\u00a0 y otros emigrar, muchas familias est\u00e1n huyendo de Michoac\u00e1n, la migraci\u00f3n por la inseguridad aumenta cada d\u00eda, y no dudamos que las fuerzas conjuntas del orden, hagan su trabajo lo que sucede es que no es suficiente, o no se deja sentir porque el crimen organizado, es como la medusa se corta una cabeza y surgen varias m\u00e1s.<\/p>\n<p>EL TOQUE DE QUEDA EN VARIOS MUNICIPIOS<\/p>\n<p>Usted sabe que en el interior del estado, en varios municipios, hay toque de queda, ya sea decretado o por temor, la gente procura no estar en la calle despu\u00e9s de las 23 horas, principalmente entre semana, hay\u00a0 pocas cosas por las cuales la gente, debe estar fuera de su casa despu\u00e9s de las 23 horas, solamente emergencias las cuales obviamente se respetar\u00edan, pero en varias poblaciones del interior, las actividades cesan antes de las 23 horas, por el temor de ser v\u00edctima de los delincuentes.<\/p>\n<p>Los cuales qui\u00e9n sabe porqu\u00e9 gozan de una impunidad que asusta. Creemos que este tema debe ser bien analizado por el congreso, por derechos humanos y por la Federaci\u00f3n, y es que usted sabe que Michoac\u00e1n, ha sido laboratorio para muchas cosas, parece que se analiza ponerlo en pr\u00e1ctica primero en la entidad, por regiones de acuerdo a la situaci\u00f3n que se viva, para despu\u00e9s de ser necesario, tal vez aplicarlo en otros estados con similitud de problemas.<\/p>\n<p>DIJO FAUSTO QUE NO HABRIA MAS MINUTAS<\/p>\n<p>Hace un a\u00f1o cuando a\u00fan Fausto Vallejo, estaba al frente de la administraci\u00f3n estatal, dijo que no habr\u00eda m\u00e1s minutas con los grupos magisteriales, normalistas o casas del estudiante, porque es cierto las minutas son meta constitucionales, son violatorias del derecho, porque es como si a una persona le sacaran promesas, con una arma en la cabeza, la cultura del chantaje ha sentado sus reales en Michoac\u00e1n, desde hace mucho tiempo.<\/p>\n<p>Con el cinismo que les caracteriza, los maestros democr\u00e1ticos y su dirigente estatal Juan Jos\u00e9 Ortega, ayer al hacer una marcha en memoria de sus compa\u00f1eros muertos en San Angel Zurumucapio, por su culpa por haber aceptado que las protestas, llegaran a la toma de este caseta por en\u00e9sima ocasi\u00f3n, desde luego el acto de contrici\u00f3n fue fuera de tiempo, hubiera sido la semana pasada, pero fue hasta ahora por lo cual solamente fue por hipocres\u00eda o al menos eso parece, la cuesti\u00f3n es que\u00a0 dieron a conocer que s\u00ed, el gobierno le firm\u00f3 la minuta de este a\u00f1o, con lo cual se comprometen a otorgarles varios recursos.<\/p>\n<p>Imagine usted dinero para su proyecto alternativo de educaci\u00f3n,\u00a0 vea usted la situaci\u00f3n, \u00bfqu\u00e9 proyecto de educaci\u00f3n promueven estos maestros? Cuando son los m\u00e1s retr\u00f3gradas de todo el pa\u00eds, adem\u00e1s les dar\u00e1n recursos para uniformes, zapatos e infraestructura, y hace un a\u00f1o Fausto dijo que no se pod\u00eda seguir firmando minutas, porque eran discriminatorias para el resto del magisterio, porque solamente a los democr\u00e1ticos, se les conced\u00edan recursos\u00a0 para sus programas.<\/p>\n<p>SI LES VAN A DAR TODO, \u00bfPARA QUE TANTO PROBLEMA?<\/p>\n<p>F\u00edjese usted que los maestros de la CNTE, se plantaron en la avenida Madero por varios d\u00edas, para exigir la firma de la minuta, fueron varios d\u00edas que perjudicaron la imagen de Michoac\u00e1n y Morelia, que afectaron al turismo y a los comerciantes del centro hist\u00f3rico, as\u00ed como los hoteles, \u00a0restaurants y la gente se pregunta, \u00bfpara qu\u00e9 permitieron tanto da\u00f1o, cuando finalmente se les iba a conceder todo, mediante el chantaje\u00a0 y la presi\u00f3n?, la verdad no tiene caso soportar tanto problema, si terminan entreg\u00e1ndoles lo que piden, a\u00fan cuando son locuras.<\/p>\n<p>JOSE LUIS PRESENT\u00d3 LIBRO SOBRE SANTA CLARA<\/p>\n<p>En el tercer aniversario de que Santa Clara del Cobre,\u00a0 fue declarado Pueblo M\u00e1gico, Jos\u00e9 Luis G\u00f3mez present\u00f3 su libro sobre el municipio y la cabecera municipal, en un acto donde estuvo presente el presidente municipal de Salvador Escalante, Alejandro Mendoza Olvera y representantes de los sectores activos de la regi\u00f3n, y la lectura de este peque\u00f1o libro es sumamente agradable, como casi todos los libros de Jos\u00e9 Luis, quien es un enamorado no solamente de Morelia, sino de Michoac\u00e1n, sus pueblos y rincones.<\/p>\n<p>Nada m\u00e1s tres probaditas de este peque\u00f1o libro: don Miguel Hidalgo y Costilla estuvo adscrito, al curato de Santa Clara 19 a\u00f1os antes, de que iniciar la Independencia de M\u00e9xico, o bien los a\u00f1os que\u00a0 estuvo ah\u00ed Jos\u00e9 Rub\u00e9n Romero, acompa\u00f1ando a su padre quien era recaudador de rentas, y justo ah\u00ed fue cuando Jos\u00e9 Rub\u00e9n conoci\u00f3 a Pito P\u00e9rez, quien en realidad se llam\u00f3 Jes\u00fas P\u00e9rez Gaona, por cierto valga la oportunidad, para recomendarle lea los libros de Jos\u00e9 Rub\u00e9n Romero, son una verdadera delicia.<\/p>\n<p>EL SINDICATO DEL COBAEM, CANSADO DE MARIO MAGA\u00d1A<\/p>\n<p>El gobierno del estado debe investigar a fondo, las acusaciones que hace el sindicato del Cobaem, presidido por Gaspar Romero, quien present\u00f3 un legajo de acusaciones, ante el Congreso del estado justificando las 8 tomas, hechas en 18\u00a0 meses contra Mario Maga\u00f1a, quien lleg\u00f3 condicionado o sea a prueba, y ahora han tomado las instalaciones, hasta que sea destituido Mario Maga\u00f1a, cabe se\u00f1alar que lo que ya no le pasaron, fue la designaci\u00f3n de Agapito P\u00e9rez, como colaborador de Mario, y recuerdan el paso de Agapito en la direcci\u00f3n, hasta ahora uno de los m\u00e1s malos que ha tenido el Cobaem en su historia.<\/p>\n<p>PROMOCIONES LOCAS PERO DE BUENA FE<\/p>\n<p>Le\u00edmos en la prensa local ,que Turismo del Gobierno estatal, estaba promocionando a Michoac\u00e1n y sus destinos tur\u00edsticos principales, en Canc\u00fan, ya que habr\u00e1 vuelos directos del bello centro tur\u00edstico con destino de playa Canc\u00fan, para Morelia y desde luego, solamente usando el sentido com\u00fan, imagine si usted estuviera en Canc\u00fan, disfrutando de sus playas, de su mar turquesa, sus atractivos y seguridad, de veras cree usted \u00bftendr\u00eda ganas\u00a0 de venir a Michoac\u00e1n?, la verdad ni loco que estuviera, por eso nos parece de locura que se promocione a Michoac\u00e1n en Canc\u00fan.<\/p>\n","protected":false},"excerpt":{"rendered":"<p>\u2022\tEN JULIO REGRESA FAUSTO<br \/>\n\u2022\tSUSPENDER LAS GARANTIAS<br \/>\n\u2022\tSI SE FIRMARON MINUTAS<br \/>\n\u2022\tVAN CONTRA MARIO MAGA\u00d1A<\/p>\n","protected":false},"author":1,"featured_media":0,"comment_status":"open","ping_status":"open","sticky":false,"template":"","format":"standard","meta":{"footnotes":""},"categories":[4,14,10],"tags":[],"class_list":["post-2975","post","type-post","status-publish","format-standard","hentry","category-columnistas","category-destacadas","category-juan-manuel-belmonte"],"_links":{"self":[{"href":"https:\/\/radiowebmx.com\/nota\/wp-json\/wp\/v2\/posts\/2975","targetHints":{"allow":["GET"]}}],"collection":[{"href":"https:\/\/radiowebmx.com\/nota\/wp-json\/wp\/v2\/posts"}],"about":[{"href":"https:\/\/radiowebmx.com\/nota\/wp-json\/wp\/v2\/types\/post"}],"author":[{"embeddable":true,"href":"https:\/\/radiowebmx.com\/nota\/wp-json\/wp\/v2\/users\/1"}],"replies":[{"embeddable":true,"href":"https:\/\/radiowebmx.com\/nota\/wp-json\/wp\/v2\/comments?post=2975"}],"version-history":[{"count":1,"href":"https:\/\/radiowebmx.com\/nota\/wp-json\/wp\/v2\/posts\/2975\/revisions"}],"predecessor-version":[{"id":2976,"href":"https:\/\/radiowebmx.com\/nota\/wp-json\/wp\/v2\/posts\/2975\/revisions\/2976"}],"wp:attachment":[{"href":"https:\/\/radiowebmx.com\/nota\/wp-json\/wp\/v2\/media?parent=2975"}],"wp:term":[{"taxonomy":"category","embeddable":true,"href":"https:\/\/radiowebmx.com\/nota\/wp-json\/wp\/v2\/categories?post=2975"},{"taxonomy":"post_tag","embeddable":true,"href":"https:\/\/radiowebmx.com\/nota\/wp-json\/wp\/v2\/tags?post=2975"}],"curies":[{"name":"wp","href":"https:\/\/api.w.org\/{rel}","templated":true}]}}