{"id":2971,"date":"2013-06-18T11:22:14","date_gmt":"2013-06-18T16:22:14","guid":{"rendered":"https:\/\/radiowebmx.com\/nota\/?p=2971"},"modified":"2013-06-18T11:22:14","modified_gmt":"2013-06-18T16:22:14","slug":"legisladores-definiran-aspirantes-que-habran-de-conformar-el-consejo-ciudadano-de-la-cedh","status":"publish","type":"post","link":"https:\/\/radiowebmx.com\/nota\/legisladores-definiran-aspirantes-que-habran-de-conformar-el-consejo-ciudadano-de-la-cedh\/","title":{"rendered":"Legisladores definir\u00e1n aspirantes que habr\u00e1n de conformar el Consejo Ciudadano de la CEDH"},"content":{"rendered":"<p><a href=\"https:\/\/radiowebmx.com\/nota\/wp-content\/uploads\/2013\/06\/Diputados-panistas-en-reuni\u00f3n-de-Comisiones-Unidas-en-comparecencia-de-aspirantes.jpg\"><img loading=\"lazy\" decoding=\"async\" class=\"alignleft size-full wp-image-2972\" alt=\"Diputados panistas en reuni\u00f3n de Comisiones Unidas, en comparecencia de aspirantes\" src=\"https:\/\/radiowebmx.com\/nota\/wp-content\/uploads\/2013\/06\/Diputados-panistas-en-reuni\u00f3n-de-Comisiones-Unidas-en-comparecencia-de-aspirantes.jpg\" width=\"591\" height=\"237\" \/><\/a>Con la comparecencia de los 19 aspirantes registrados a ocupar un espacio dentro del Consejo Ciudadano de la Comisi\u00f3n Estatal de los Derechos Humanos (CEDH), los cuales culminaron este fin de semana ante los integrantes de las Comisiones Unidas de Derechos Humanos y Justicia del Congreso del Estado, los legisladores michoacanos buscar\u00e1n seleccionar a los mejores perfiles que cuenten con los conocimientos m\u00e1s concretos, con una preparaci\u00f3n adecuada, as\u00ed como una propuesta eficiente que fortalezca al organismo aut\u00f3nomo, as\u00ed lo manifest\u00f3 la diputada Laura Gonz\u00e1lez Mart\u00ednez en entrevista.<\/p>\n<p>La tambi\u00e9n presidenta de la Comisi\u00f3n Legislativa de Derechos Humanos, se\u00f1al\u00f3 que la participaci\u00f3n de los aspirantes fue muy nutrida y propositiva, \u201clos perfiles mostraron conocimientos y planes de trabajo muy productivos que permitir\u00e1n aportar al fortalecimiento de la CEDH en la entidad\u201d.<\/p>\n<p>Asimismo se\u00f1al\u00f3, \u201cen los pr\u00f3ximos d\u00edas estaremos citando a reuni\u00f3n de Comisiones Unidas para poder desahogar las observaciones, as\u00ed como el estudio y an\u00e1lisis que se realizar\u00e1 por parte de los legisladores responsables del proceso de selecci\u00f3n, al analizar la participaci\u00f3n que tuvieron los aspirantes al momento de la presentaci\u00f3n de su plan de trabajo, para que se estructure la propuesta que se habr\u00e1 de dictaminar y presentar ante el Pleno\u201d, refiri\u00f3 la representante popular del blanquiazul.<\/p>\n<p>Por su parte, la legisladora Mar\u00eda Eugenia M\u00e9ndez D\u00e1valos, integrante de la Comisi\u00f3n Legislativa de Justicia, declar\u00f3 en entrevista que cada uno de los perfiles ha mostrado y aportado un gran contenido, que sin duda, permitir\u00e1 conformar un Consejo Ciudadano fuerte, que mejorar\u00e1 el desempe\u00f1o del organismo.<\/p>\n<p>\u201cAfortunadamente los 19 participantes son personas preparados e interesados en mejorar el proceso que habr\u00e1 de regir a la Comisi\u00f3n Estatal de Derechos Humanos en Michoac\u00e1n, y pronto estaremos en condiciones de que sea votado por los integrantes de la Septuag\u00e9sima Segunda Legislatura y a su vez estos puedan tomar de protesta\u201d, resalt\u00f3.<\/p>\n<p>Los aspirantes que expusieron su plan de trabajo ante los diputados michoacanos, el cual podr\u00e1n ejercer una vez conformado el Consejo Ciudadano de la CEDH en la entidad son: Rom\u00e1n Padilla Ontiveros, Jorge \u00c1lvarez Banderas, Pedro Fern\u00e1ndez Carapia, Edel Ulloa Mondrag\u00f3n, Gustavo Arturo Olvera Ar\u00e9valo, Marco Antonio Tinoco \u00c1lvarez, Florencio Ubaldo Mu\u00f1oz del Castillo, Bernardo Mar\u00eda Le\u00f3n Lea, Gerardo Andr\u00e9s Herrera P\u00e9rez, Luis Wilfrido Navarrete Virrueta, Alejandro Gonz\u00e1lez Cussi, Socorro Arellano Garc\u00eda, Alma Rosa Bahena Villalobos, Luis H\u00e9ctor M\u00e1rquez Guevara, Miriam Heredia Zertuche, \u00c1ngel Saucedo Mart\u00ednez, H\u00e9ctor Plancarte Esquivel, Felipe Orlando Arag\u00f3n Andrade y Cesar Ulises Torres Rom\u00e1n.<\/p>\n<p>Por su parte, el tambi\u00e9n integrante de la Comisi\u00f3n de Justicia, el diputado Sebasti\u00e1n Naranjo Blanco, se\u00f1al\u00f3 que una vez conformado el Consejo Ciudadano con car\u00e1cter Honor\u00edfico de la CEDH; \u00e9ste permitir\u00e1 fortalecer tanto el plan de trabajo, as\u00ed como las acciones de promoci\u00f3n y procuraci\u00f3n de la Comisi\u00f3n Estatal, lo cual les conceder\u00e1 el otorgar acompa\u00f1amiento al presidente del \u00f3rgano en la entidad.<\/p>\n<p>\u201cEste Consejo contar\u00e1 con una duraci\u00f3n de dos a\u00f1os al frente de sus responsabilidades, y ser\u00e1 el responsable de legitimar y observar las acciones que ejerza el organismo aut\u00f3nomo de la entidad\u201d, manifest\u00f3 el diputado panista.<\/p>\n<p>Finalmente, los parlamentarios coincidieron en que actualmente la entidad michoacana atraviesa por complicaciones, y evidentemente la CEDH deber\u00e1 realizar una labor con mayor contundencia, eficiencia y transparencia al momento de determinar cuando la autoridad comete alguna omisi\u00f3n o abuso de autoridad ante los ciudadanos, cubriendo las necesidades por las que atraviesa actualmente la ciudadan\u00eda en la materia.<\/p>\n","protected":false},"excerpt":{"rendered":"<p>Con la comparecencia de los 19 aspirantes registrados a ocupar un espacio dentro del Consejo Ciudadano de la Comisi\u00f3n Estatal de los Derechos Humanos (CEDH),<\/p>\n","protected":false},"author":1,"featured_media":0,"comment_status":"open","ping_status":"open","sticky":false,"template":"","format":"standard","meta":{"footnotes":""},"categories":[6,14,8],"tags":[],"class_list":["post-2971","post","type-post","status-publish","format-standard","hentry","category-congreso-del-estado","category-destacadas","category-grupo-parlamentario-del-pan"],"_links":{"self":[{"href":"https:\/\/radiowebmx.com\/nota\/wp-json\/wp\/v2\/posts\/2971","targetHints":{"allow":["GET"]}}],"collection":[{"href":"https:\/\/radiowebmx.com\/nota\/wp-json\/wp\/v2\/posts"}],"about":[{"href":"https:\/\/radiowebmx.com\/nota\/wp-json\/wp\/v2\/types\/post"}],"author":[{"embeddable":true,"href":"https:\/\/radiowebmx.com\/nota\/wp-json\/wp\/v2\/users\/1"}],"replies":[{"embeddable":true,"href":"https:\/\/radiowebmx.com\/nota\/wp-json\/wp\/v2\/comments?post=2971"}],"version-history":[{"count":2,"href":"https:\/\/radiowebmx.com\/nota\/wp-json\/wp\/v2\/posts\/2971\/revisions"}],"predecessor-version":[{"id":2974,"href":"https:\/\/radiowebmx.com\/nota\/wp-json\/wp\/v2\/posts\/2971\/revisions\/2974"}],"wp:attachment":[{"href":"https:\/\/radiowebmx.com\/nota\/wp-json\/wp\/v2\/media?parent=2971"}],"wp:term":[{"taxonomy":"category","embeddable":true,"href":"https:\/\/radiowebmx.com\/nota\/wp-json\/wp\/v2\/categories?post=2971"},{"taxonomy":"post_tag","embeddable":true,"href":"https:\/\/radiowebmx.com\/nota\/wp-json\/wp\/v2\/tags?post=2971"}],"curies":[{"name":"wp","href":"https:\/\/api.w.org\/{rel}","templated":true}]}}