{"id":29682,"date":"2017-01-10T15:05:10","date_gmt":"2017-01-10T21:05:10","guid":{"rendered":"https:\/\/radiowebmx.com\/nota\/?p=29682"},"modified":"2017-01-10T15:05:10","modified_gmt":"2017-01-10T21:05:10","slug":"autoridades-municipales-supervisan-construccion-del-tercer-centro-de-atencion-a-victimas","status":"publish","type":"post","link":"https:\/\/radiowebmx.com\/nota\/autoridades-municipales-supervisan-construccion-del-tercer-centro-de-atencion-a-victimas\/","title":{"rendered":"Autoridades municipales supervisan construcci\u00f3n del Tercer Centro de Atenci\u00f3n a V\u00edctimas"},"content":{"rendered":"<p><img loading=\"lazy\" decoding=\"async\" src=\"https:\/\/radiowebmx.com\/nota\/wp-content\/uploads\/2017\/01\/109b4777-4dc9-4255-9289-4478dca27a4a.jpeg\" alt=\"109b4777-4dc9-4255-9289-4478dca27a4a\" width=\"709\" height=\"472\" class=\"alignleft size-full wp-image-29690\" srcset=\"https:\/\/radiowebmx.com\/nota\/wp-content\/uploads\/2017\/01\/109b4777-4dc9-4255-9289-4478dca27a4a.jpeg 709w, https:\/\/radiowebmx.com\/nota\/wp-content\/uploads\/2017\/01\/109b4777-4dc9-4255-9289-4478dca27a4a-300x200.jpeg 300w\" sizes=\"auto, (max-width: 709px) 100vw, 709px\" \/><\/p>\n<p><img loading=\"lazy\" decoding=\"async\" src=\"https:\/\/radiowebmx.com\/nota\/wp-content\/uploads\/2017\/01\/a04a526a-1308-4983-80bb-fb13005f80d6.jpeg\" alt=\"a04a526a-1308-4983-80bb-fb13005f80d6\" width=\"709\" height=\"472\" class=\"alignleft size-full wp-image-29691\" srcset=\"https:\/\/radiowebmx.com\/nota\/wp-content\/uploads\/2017\/01\/a04a526a-1308-4983-80bb-fb13005f80d6.jpeg 709w, https:\/\/radiowebmx.com\/nota\/wp-content\/uploads\/2017\/01\/a04a526a-1308-4983-80bb-fb13005f80d6-300x200.jpeg 300w\" sizes=\"auto, (max-width: 709px) 100vw, 709px\" \/><\/p>\n<p>En tiempo y forma, el Gobierno Municipal ejecuta la construcci\u00f3n del Centro de Atenci\u00f3n a V\u00edctimas que se ubicar\u00e1 en las instalaciones de la Antigua Central Camionera, misma que registra un avance del 45 por ciento del proyecto, inform\u00f3 el Secretario de Desarrollo Metropolitano e Infraestructura, Juan Fernando Sosa Tapia, al realizar un recorrido de supervisi\u00f3n.<\/p>\n<p>Acompa\u00f1ado del Secretario de Administraci\u00f3n, Yankel Ben\u00edtez Silva, subray\u00f3 que al ser este un proyecto prioritario para el Gobierno Independiente que encabeza el Presidente Municipal de Morelia, Alfonso Mart\u00ednez Alc\u00e1zar, se ha dado puntal seguimiento a la edificaci\u00f3n del mismo.<\/p>\n<p>El encargado de la ejecuci\u00f3n y supervisi\u00f3n de obra p\u00fablica en el municipio, refiri\u00f3 que con una inversi\u00f3n de 10 millones de pesos provenientes del Programa de Fortalecimiento para la Seguridad (FORTASEG), el que ser\u00e1 el tercer Centro de Atenci\u00f3n a V\u00edctimas en la capital michoacana, beneficiar\u00e1 a 730 mil habitantes, permitiendo adem\u00e1s reactivar esta \u00e1rea del Primer Cuadro de la ciudad.<\/p>\n<p>\u201cEs un obra muy emblem\u00e1tica para el Alcalde, Alfonso Mart\u00ednez, ya que es parte de un proyecto integral que busca revivir esta zona del Centro Hist\u00f3rico, brind\u00e1ndole mayor seguridad y reactivando la econom\u00eda de la inmediaciones\u201d, afirm\u00f3.<\/p>\n<p>Frente a medios de comunicaci\u00f3n y tras realizar la supervisi\u00f3n respectiva por el inmueble, el funcionario detall\u00f3 que la CAV contar\u00e1 con tres juzgados, tres salas de atenci\u00f3n, un vest\u00edbulo, ba\u00f1os, as\u00ed como un \u00e1rea para barandillas.<\/p>\n<p>Asimismo, puntualiz\u00f3 que actualmente los trabajos de construcci\u00f3n se concentran en la colocaci\u00f3n de las instalaciones el\u00e9ctricas, hidr\u00e1ulicas y sanitarias, as\u00ed como en el nuevo piso, en tanto que en pr\u00f3ximos d\u00edas se espera culminar con lo que resta de la edificaci\u00f3n del Centro, al tiempo que indic\u00f3, que son alrededor de 100 empleos directos los que se han generado con esta obra.<\/p>\n<p>Por su parte, el Secretario de Administraci\u00f3n, Yankel Ben\u00edtez, record\u00f3 que la Constructora CARREMICH S.A. DE C.V. es la encargada de ejecutar esta obra, ya que fue la empresa que result\u00f3 ganadora de la licitaci\u00f3n p\u00fablica que se emiti\u00f3 para tales fines, de tal manera que se encuentran en una permanente inspecci\u00f3n de que cumplan en tiempo y forma dichas labores.<\/p>\n<p>Para finalizar, refrend\u00f3 el compromiso de la actual Administraci\u00f3n por efectuar obras de calidad y que tengan un impacto social preponderante, mejorando con ello la calidad de vida de los morelianos.<\/p>\n","protected":false},"excerpt":{"rendered":"<p>En tiempo y forma, el Gobierno Municipal ejecuta la construcci\u00f3n del Centro de Atenci\u00f3n a V\u00edctimas que se ubicar\u00e1 en las instalaciones de la Antigua Central Camionera, misma que registra un avance del 45 por ciento del proyecto, inform\u00f3 el Secretario de Desarrollo Metropolitano e Infraestructura, Juan Fernando Sosa Tapia, al realizar un recorrido de supervisi\u00f3n.<\/p>\n","protected":false},"author":1,"featured_media":29690,"comment_status":"open","ping_status":"open","sticky":false,"template":"","format":"standard","meta":{"footnotes":""},"categories":[14,9],"tags":[],"class_list":["post-29682","post","type-post","status-publish","format-standard","has-post-thumbnail","hentry","category-destacadas","category-morelia"],"_links":{"self":[{"href":"https:\/\/radiowebmx.com\/nota\/wp-json\/wp\/v2\/posts\/29682","targetHints":{"allow":["GET"]}}],"collection":[{"href":"https:\/\/radiowebmx.com\/nota\/wp-json\/wp\/v2\/posts"}],"about":[{"href":"https:\/\/radiowebmx.com\/nota\/wp-json\/wp\/v2\/types\/post"}],"author":[{"embeddable":true,"href":"https:\/\/radiowebmx.com\/nota\/wp-json\/wp\/v2\/users\/1"}],"replies":[{"embeddable":true,"href":"https:\/\/radiowebmx.com\/nota\/wp-json\/wp\/v2\/comments?post=29682"}],"version-history":[{"count":1,"href":"https:\/\/radiowebmx.com\/nota\/wp-json\/wp\/v2\/posts\/29682\/revisions"}],"predecessor-version":[{"id":29693,"href":"https:\/\/radiowebmx.com\/nota\/wp-json\/wp\/v2\/posts\/29682\/revisions\/29693"}],"wp:featuredmedia":[{"embeddable":true,"href":"https:\/\/radiowebmx.com\/nota\/wp-json\/wp\/v2\/media\/29690"}],"wp:attachment":[{"href":"https:\/\/radiowebmx.com\/nota\/wp-json\/wp\/v2\/media?parent=29682"}],"wp:term":[{"taxonomy":"category","embeddable":true,"href":"https:\/\/radiowebmx.com\/nota\/wp-json\/wp\/v2\/categories?post=29682"},{"taxonomy":"post_tag","embeddable":true,"href":"https:\/\/radiowebmx.com\/nota\/wp-json\/wp\/v2\/tags?post=29682"}],"curies":[{"name":"wp","href":"https:\/\/api.w.org\/{rel}","templated":true}]}}