{"id":2968,"date":"2013-06-19T11:20:27","date_gmt":"2013-06-19T16:20:27","guid":{"rendered":"https:\/\/radiowebmx.com\/nota\/?p=2968"},"modified":"2013-07-03T13:58:30","modified_gmt":"2013-07-03T18:58:30","slug":"la-secretaria-de-educacion-continua-alfabetizacion-a-jovenes-y-adultos-jesus-sierra","status":"publish","type":"post","link":"https:\/\/radiowebmx.com\/nota\/la-secretaria-de-educacion-continua-alfabetizacion-a-jovenes-y-adultos-jesus-sierra\/","title":{"rendered":"LA SECRETAR\u00cdA DE EDUCACI\u00d3N CONTIN\u00daA ALFABETIZACI\u00d3N A J\u00d3VENES Y ADULTOS: JES\u00daS SIERRA"},"content":{"rendered":"<p><a href=\"https:\/\/radiowebmx.com\/nota\/wp-content\/uploads\/2013\/06\/IMG_3920.jpg\"><img loading=\"lazy\" decoding=\"async\" class=\"alignleft size-full wp-image-2969\" alt=\"IMG_3920\" src=\"https:\/\/radiowebmx.com\/nota\/wp-content\/uploads\/2013\/06\/IMG_3920.jpg\" width=\"591\" height=\"239\" \/><\/a>El gobierno del estado a trav\u00e9s de la Secretar\u00eda de Educaci\u00f3n seguir\u00e1 atendiendo a los j\u00f3venes y adultos que no saben leer ni escribir, al brindarles ense\u00f1anza b\u00e1sica en coordinaci\u00f3n con el Ayuntamiento de Morelia, esto con independencia de la reciente desaparici\u00f3n del Instituto Michoacano para la Atenci\u00f3n de los Adultos (IMPEA), as\u00ed lo afirm\u00f3 el titular de la dependencia educativa, J. Jes\u00fas Sierra Arias.<\/p>\n<p>Al clausurar el Programa de Alfabetizaci\u00f3n a J\u00f3venes y Adultos del municipio de Morelia, el secretario de Educaci\u00f3n enfatiz\u00f3 que el gobierno estatal y el federal tienen dentro de sus prioridades mejorar los resultados en educaci\u00f3n, por ello, adem\u00e1s de felicitar a los mil 96 j\u00f3venes y adultos que recibieron su diploma, tambi\u00e9n destac\u00f3 que la dependencia a su cargo dar\u00e1 continuidad a estos programas en los cuales toma vigencia el estado solidario.<\/p>\n<p>\u201cNo se puede interrumpir algo tan noble ya que es una demanda socialmente sentida\u201d, asegur\u00f3 el funcionario estatal luego de reconocer la labor que realiz\u00f3 El\u00edas Gonz\u00e1lez Ruelas, quien se desempe\u00f1\u00f3 como director general de lo que fue el IMPEA.<\/p>\n<p>Con la presencia de la secretaria de Desarrollo Social del Ayuntamiento moreliano, Rosalba Vanegas Gardu\u00f1o, del diputado local y presidente de la Comisi\u00f3n de Educaci\u00f3n, Salom\u00f3n Fernando Rosales S\u00e1nchez, as\u00ed como de autoridades municipales, el titular de la SEE reiter\u00f3 que la dependencia realiza un esfuerzo para coordinar los trabajos con los ayuntamientos, con el gobierno estatal y el federal para que Michoac\u00e1n tenga una mejor educaci\u00f3n.<\/p>\n<p>\u201cVamos todos en la misma l\u00ednea y no vamos a dejar ir ning\u00fan peso, ning\u00fan centavo que ofrezca la federaci\u00f3n y que sean destinados al tema educativo\u201d, enfatiz\u00f3 el secretario.<\/p>\n<p>Por su parte, la responsable de la Secretar\u00eda de Desarrollo Social del Ayuntamiento de Morelia, Rosalba Vanegas, durante su discurso destac\u00f3 que por medio de un convenio de colaboraci\u00f3n con el IMPEA se atendi\u00f3 a mil 96 j\u00f3venes y adultos que aprendieron a leer y a escribir, de los cuales, 554 fueron atendidos hasta septiembre de 2012 y 542 en el presente a\u00f1o.<\/p>\n<p>Este total representa el 5 por ciento de 21 mil 923 personas en el municipio que no saben leer ni escribir, seg\u00fan datos del Instituto Nacional de Estad\u00edstica, Geograf\u00eda e Inform\u00e1tica en el 2010.<\/p>\n<p>La funcionaria municipal agradeci\u00f3 al secretario de Educaci\u00f3n Jes\u00fas Sierra por su inter\u00e9s de que contin\u00fae la atenci\u00f3n educativa a la poblaci\u00f3n demandante, con independencia de la extinci\u00f3n del IMPEA.<\/p>\n<p>En su momento, el diputado local, Salom\u00f3n Fernando Rosales, felicit\u00f3 a las autoridades por este evento que refleja el esfuerzo del gobierno estatal y municipal por disminuir el rezago educativo, al tiempo que lament\u00f3 que en anteriores administraciones se hayan colocado banderas blancas como s\u00edmbolo de erradicaci\u00f3n del analfabetismo, cuando a\u00fan queda trabajo por hacer.<\/p>\n<p>Cabe mencionar que durante el evento adem\u00e1s de entregar documentos que acreditaron la alfabetizaci\u00f3n de los j\u00f3venes y adultos, tambi\u00e9n hicieron entrega de una beca de mil 200 y 2 mil 400 pesos para los promotores y alfabetizadores que participaron de este proceso educativo.<\/p>\n<p>&nbsp;<\/p>\n","protected":false},"excerpt":{"rendered":"<p>El gobierno del estado a trav\u00e9s de la Secretar\u00eda de Educaci\u00f3n seguir\u00e1 atendiendo a los j\u00f3venes y adultos que no saben leer ni escribir, al brindarles ense\u00f1anza b\u00e1sica en coordinaci\u00f3n con el Ayuntamiento de Morelia<\/p>\n","protected":false},"author":1,"featured_media":0,"comment_status":"open","ping_status":"open","sticky":false,"template":"","format":"standard","meta":{"footnotes":""},"categories":[14,3],"tags":[],"class_list":["post-2968","post","type-post","status-publish","format-standard","hentry","category-destacadas","category-gobierno-del-estado-de-michoacan"],"_links":{"self":[{"href":"https:\/\/radiowebmx.com\/nota\/wp-json\/wp\/v2\/posts\/2968","targetHints":{"allow":["GET"]}}],"collection":[{"href":"https:\/\/radiowebmx.com\/nota\/wp-json\/wp\/v2\/posts"}],"about":[{"href":"https:\/\/radiowebmx.com\/nota\/wp-json\/wp\/v2\/types\/post"}],"author":[{"embeddable":true,"href":"https:\/\/radiowebmx.com\/nota\/wp-json\/wp\/v2\/users\/1"}],"replies":[{"embeddable":true,"href":"https:\/\/radiowebmx.com\/nota\/wp-json\/wp\/v2\/comments?post=2968"}],"version-history":[{"count":2,"href":"https:\/\/radiowebmx.com\/nota\/wp-json\/wp\/v2\/posts\/2968\/revisions"}],"predecessor-version":[{"id":3105,"href":"https:\/\/radiowebmx.com\/nota\/wp-json\/wp\/v2\/posts\/2968\/revisions\/3105"}],"wp:attachment":[{"href":"https:\/\/radiowebmx.com\/nota\/wp-json\/wp\/v2\/media?parent=2968"}],"wp:term":[{"taxonomy":"category","embeddable":true,"href":"https:\/\/radiowebmx.com\/nota\/wp-json\/wp\/v2\/categories?post=2968"},{"taxonomy":"post_tag","embeddable":true,"href":"https:\/\/radiowebmx.com\/nota\/wp-json\/wp\/v2\/tags?post=2968"}],"curies":[{"name":"wp","href":"https:\/\/api.w.org\/{rel}","templated":true}]}}