{"id":29676,"date":"2017-01-10T13:51:53","date_gmt":"2017-01-10T19:51:53","guid":{"rendered":"https:\/\/radiowebmx.com\/nota\/?p=29676"},"modified":"2017-01-10T13:51:53","modified_gmt":"2017-01-10T19:51:53","slug":"con-paso-firme-continuan-obras-en-el-rio-chiquito","status":"publish","type":"post","link":"https:\/\/radiowebmx.com\/nota\/con-paso-firme-continuan-obras-en-el-rio-chiquito\/","title":{"rendered":"Con paso firme, contin\u00faan obras en el R\u00edo Chiquito"},"content":{"rendered":"<p><img loading=\"lazy\" decoding=\"async\" src=\"https:\/\/radiowebmx.com\/nota\/wp-content\/uploads\/2017\/01\/cda31f03-023c-43d5-89cf-30239dc3f825.jpeg\" alt=\"cda31f03-023c-43d5-89cf-30239dc3f825\" width=\"709\" height=\"472\" class=\"alignleft size-full wp-image-29677\" srcset=\"https:\/\/radiowebmx.com\/nota\/wp-content\/uploads\/2017\/01\/cda31f03-023c-43d5-89cf-30239dc3f825.jpeg 709w, https:\/\/radiowebmx.com\/nota\/wp-content\/uploads\/2017\/01\/cda31f03-023c-43d5-89cf-30239dc3f825-300x200.jpeg 300w\" sizes=\"auto, (max-width: 709px) 100vw, 709px\" \/><\/p>\n<p>Con paso firme es como se lleva a cabo la obra de construcci\u00f3n del parque lineal en el Rio Chiquito, as\u00ed lo inform\u00f3 el Secretario de Efectividad e Innovaci\u00f3n Gubernamental, Antonio Plaza Urbina, quien agreg\u00f3 que el equipamiento ser\u00e1 colocado en breve, como los barandales de los puentes, lo que permitir\u00e1 que en su etapa final su instalaci\u00f3n sea mucho m\u00e1s r\u00e1pida.<\/p>\n<p>En este sentido, detall\u00f3 que los trabajos visibles en este momento corresponden a los senderos y las orillas del rio, las cuales se est\u00e1n embelleciendo y modificando a nivel de calzada.<\/p>\n<p>Plaza Urbina dijo que a\u00fan se encuentra pendiente la colocaci\u00f3n de los puentes peatonales nuevos y las ampliaciones de los puentes vehiculares que conecten los senderos con las calles Isidro Huarte, Rub\u00e9n C. Navarro; la avenida Ventura Puente y el Boulevard Sans\u00f3n Flores.<\/p>\n<p>El Secretario de Efectividad puntualiz\u00f3 que la idea principal es conectar los senderos del bordo del R\u00edo con los puentes, lo que disminuir\u00e1 el riesgo en el cruce peatonal de las avenidas que abarcan esta obra.<\/p>\n<p>Record\u00f3 que adem\u00e1s se reiniciaron los trabajos del colector marginal que se encontrar\u00e1 en el tramo de Ventura Puente a Camelinas del lado derecho; este colector abarcar\u00e1 desde la Avenida Camelinas hasta Morelos Sur, y permitir\u00e1 suprimir las descargas de aguas negras en esta zona del R\u00edo.<\/p>\n","protected":false},"excerpt":{"rendered":"<p>Con paso firme es como se lleva a cabo la obra de construcci\u00f3n del parque lineal en el Rio Chiquito, as\u00ed lo inform\u00f3 el Secretario de Efectividad e Innovaci\u00f3n Gubernamental, Antonio Plaza Urbina, quien agreg\u00f3 que el equipamiento ser\u00e1 colocado en breve, como los barandales de los puentes, lo que permitir\u00e1 que en su etapa final su instalaci\u00f3n sea mucho m\u00e1s r\u00e1pida.<\/p>\n","protected":false},"author":1,"featured_media":29677,"comment_status":"open","ping_status":"open","sticky":false,"template":"","format":"standard","meta":{"footnotes":""},"categories":[14,9],"tags":[],"class_list":["post-29676","post","type-post","status-publish","format-standard","has-post-thumbnail","hentry","category-destacadas","category-morelia"],"_links":{"self":[{"href":"https:\/\/radiowebmx.com\/nota\/wp-json\/wp\/v2\/posts\/29676","targetHints":{"allow":["GET"]}}],"collection":[{"href":"https:\/\/radiowebmx.com\/nota\/wp-json\/wp\/v2\/posts"}],"about":[{"href":"https:\/\/radiowebmx.com\/nota\/wp-json\/wp\/v2\/types\/post"}],"author":[{"embeddable":true,"href":"https:\/\/radiowebmx.com\/nota\/wp-json\/wp\/v2\/users\/1"}],"replies":[{"embeddable":true,"href":"https:\/\/radiowebmx.com\/nota\/wp-json\/wp\/v2\/comments?post=29676"}],"version-history":[{"count":1,"href":"https:\/\/radiowebmx.com\/nota\/wp-json\/wp\/v2\/posts\/29676\/revisions"}],"predecessor-version":[{"id":29678,"href":"https:\/\/radiowebmx.com\/nota\/wp-json\/wp\/v2\/posts\/29676\/revisions\/29678"}],"wp:featuredmedia":[{"embeddable":true,"href":"https:\/\/radiowebmx.com\/nota\/wp-json\/wp\/v2\/media\/29677"}],"wp:attachment":[{"href":"https:\/\/radiowebmx.com\/nota\/wp-json\/wp\/v2\/media?parent=29676"}],"wp:term":[{"taxonomy":"category","embeddable":true,"href":"https:\/\/radiowebmx.com\/nota\/wp-json\/wp\/v2\/categories?post=29676"},{"taxonomy":"post_tag","embeddable":true,"href":"https:\/\/radiowebmx.com\/nota\/wp-json\/wp\/v2\/tags?post=29676"}],"curies":[{"name":"wp","href":"https:\/\/api.w.org\/{rel}","templated":true}]}}