{"id":29673,"date":"2017-01-10T12:09:10","date_gmt":"2017-01-10T18:09:10","guid":{"rendered":"https:\/\/radiowebmx.com\/nota\/?p=29673"},"modified":"2017-01-10T12:09:10","modified_gmt":"2017-01-10T18:09:10","slug":"100-de-los-planteles-de-nivel-basico-en-la-entidad-operaron-este-lunes-de-manera-normal","status":"publish","type":"post","link":"https:\/\/radiowebmx.com\/nota\/100-de-los-planteles-de-nivel-basico-en-la-entidad-operaron-este-lunes-de-manera-normal\/","title":{"rendered":"100 % de los planteles de nivel b\u00e1sico en la entidad operaron este lunes de manera normal"},"content":{"rendered":"<p><img loading=\"lazy\" decoding=\"async\" src=\"https:\/\/radiowebmx.com\/nota\/wp-content\/uploads\/2017\/01\/923edaa8-838b-4e73-92f4-d83a60f36ec5.jpg\" alt=\"923edaa8-838b-4e73-92f4-d83a60f36ec5\" width=\"709\" height=\"472\" class=\"alignleft size-full wp-image-29674\" srcset=\"https:\/\/radiowebmx.com\/nota\/wp-content\/uploads\/2017\/01\/923edaa8-838b-4e73-92f4-d83a60f36ec5.jpg 709w, https:\/\/radiowebmx.com\/nota\/wp-content\/uploads\/2017\/01\/923edaa8-838b-4e73-92f4-d83a60f36ec5-300x200.jpg 300w\" sizes=\"auto, (max-width: 709px) 100vw, 709px\" \/><\/p>\n<p>Morelia, Michoac\u00e1n a 09 de enero de 2017.- El 100 por ciento de los planteles educativos de la entidad de nivel b\u00e1sico abrieron sus puertas a los alumnos y alumnas que regresaron a sus aulas este lunes, despu\u00e9s de haber disfrutado el periodo vacacional decembrino.<\/p>\n<p>Lo anterior lo puntualiz\u00f3, el secretario de Educaci\u00f3n, Alberto Frutis Sol\u00eds durante un peque\u00f1o recorrido realizado a planteles del nivel b\u00e1sico de la ciudad de Morelia (preescolar, primaria y secundaria), donde exhort\u00f3 a los alumnos a comprometerse con su estudio y sus maestros; porque ellos, ser\u00e1n el futuro de nuestro estado.<\/p>\n<p>El titular de los servicios educativos en Michoac\u00e1n, reconoci\u00f3 que este 2017 es un a\u00f1o complejo en todos los sentidos, pero dijo estar seguro que con perseverancia y dedicaci\u00f3n se lograr\u00e1n todos los objetivos y metas propuestas.<\/p>\n<p>Dijo, \u201cestoy contento, porque este nueve de enero inicia la segunda parte del ciclo escolar 2016-2017 y aprovecho para desearles a todos maestros, maestras, personal directivo y los m\u00e1s de mil 200 alumnos con los que cuenta esta Secundaria Federal No. 10 \u201cMelchor Ocampo\u201d el mejor de los \u00e9xitos y el mejor de los a\u00f1os\u201d.<\/p>\n<p>Invit\u00f3 a todos los alumnos, principalmente a los de tercer grado a aprovechar todos los conocimientos que sus mentores les trasmiten, ya que de eso depender\u00e1 el futuro de su desarrollo profesional, convirti\u00e9ndoles en hombres y mujeres de bien para el desarrollo de Michoac\u00e1n.<\/p>\n<p>Por su parte, el director de Secundarias, Miguel \u00c1ngel Gonz\u00e1lez Corona, invit\u00f3 a los j\u00f3venes estudiantes a continuar fortaleciendo su perfil de formaci\u00f3n educativa por medio de su imaginaci\u00f3n y creatividad, con la ayuda de sus maestros y maestras, qui\u00e9nes est\u00e1n comprometidos por brindarles una educaci\u00f3n de calidad como ustedes lo merecen.<\/p>\n<p>Agreg\u00f3, \u201dLos supervisores, jefes de ense\u00f1anza y directores habremos de conformar una ruta de trabajo donde la prioridad ser\u00e1n los avances acad\u00e9micos en beneficio de todos y todas las alumnas; asimismo habremos de poner toda nuestra capacidad para profundizar aprendizajes claves y asignaturas correspondientes\u201c.<\/p>\n","protected":false},"excerpt":{"rendered":"<p>El 100 por ciento de los planteles educativos de la entidad de nivel b\u00e1sico abrieron sus puertas a los alumnos y alumnas que regresaron a sus aulas este lunes, despu\u00e9s de haber disfrutado el periodo vacacional decembrino.<\/p>\n","protected":false},"author":1,"featured_media":29674,"comment_status":"open","ping_status":"open","sticky":false,"template":"","format":"standard","meta":{"footnotes":""},"categories":[14,3],"tags":[],"class_list":["post-29673","post","type-post","status-publish","format-standard","has-post-thumbnail","hentry","category-destacadas","category-gobierno-del-estado-de-michoacan"],"_links":{"self":[{"href":"https:\/\/radiowebmx.com\/nota\/wp-json\/wp\/v2\/posts\/29673","targetHints":{"allow":["GET"]}}],"collection":[{"href":"https:\/\/radiowebmx.com\/nota\/wp-json\/wp\/v2\/posts"}],"about":[{"href":"https:\/\/radiowebmx.com\/nota\/wp-json\/wp\/v2\/types\/post"}],"author":[{"embeddable":true,"href":"https:\/\/radiowebmx.com\/nota\/wp-json\/wp\/v2\/users\/1"}],"replies":[{"embeddable":true,"href":"https:\/\/radiowebmx.com\/nota\/wp-json\/wp\/v2\/comments?post=29673"}],"version-history":[{"count":1,"href":"https:\/\/radiowebmx.com\/nota\/wp-json\/wp\/v2\/posts\/29673\/revisions"}],"predecessor-version":[{"id":29675,"href":"https:\/\/radiowebmx.com\/nota\/wp-json\/wp\/v2\/posts\/29673\/revisions\/29675"}],"wp:featuredmedia":[{"embeddable":true,"href":"https:\/\/radiowebmx.com\/nota\/wp-json\/wp\/v2\/media\/29674"}],"wp:attachment":[{"href":"https:\/\/radiowebmx.com\/nota\/wp-json\/wp\/v2\/media?parent=29673"}],"wp:term":[{"taxonomy":"category","embeddable":true,"href":"https:\/\/radiowebmx.com\/nota\/wp-json\/wp\/v2\/categories?post=29673"},{"taxonomy":"post_tag","embeddable":true,"href":"https:\/\/radiowebmx.com\/nota\/wp-json\/wp\/v2\/tags?post=29673"}],"curies":[{"name":"wp","href":"https:\/\/api.w.org\/{rel}","templated":true}]}}