{"id":29664,"date":"2017-01-10T12:01:11","date_gmt":"2017-01-10T18:01:11","guid":{"rendered":"https:\/\/radiowebmx.com\/nota\/?p=29664"},"modified":"2017-01-10T12:01:11","modified_gmt":"2017-01-10T18:01:11","slug":"celebra-carlos-quintana-manifestaciones-pacificas-y-respetuosas-de-los-derechos-de-todos-los-michoacanos","status":"publish","type":"post","link":"https:\/\/radiowebmx.com\/nota\/celebra-carlos-quintana-manifestaciones-pacificas-y-respetuosas-de-los-derechos-de-todos-los-michoacanos\/","title":{"rendered":"Celebra Carlos Quintana manifestaciones pac\u00edficas y respetuosas de los derechos de todos los michoacanos"},"content":{"rendered":"<p><img loading=\"lazy\" decoding=\"async\" src=\"https:\/\/radiowebmx.com\/nota\/wp-content\/uploads\/2017\/01\/thumbnail_Comunicado-019.jpg\" alt=\"thumbnail_comunicado-019\" width=\"709\" height=\"472\" class=\"alignleft size-full wp-image-29665\" srcset=\"https:\/\/radiowebmx.com\/nota\/wp-content\/uploads\/2017\/01\/thumbnail_Comunicado-019.jpg 709w, https:\/\/radiowebmx.com\/nota\/wp-content\/uploads\/2017\/01\/thumbnail_Comunicado-019-300x200.jpg 300w\" sizes=\"auto, (max-width: 709px) 100vw, 709px\" \/><\/p>\n<p>Morelia; Michoac\u00e1n, 09 de enero de 2017.- Tras reconocer que Acci\u00f3n Nacional siempre velar\u00e1 por el respeto al derecho de libre manifestaci\u00f3n, el coordinador de los diputados del PAN, Carlos Quintana Mart\u00ednez, reconoci\u00f3 que ante las diversas marchas que se han realizado en nuestro estado durante los \u00faltimos d\u00edas, los michoacanos han sido ejemplo a nivel nacional de que se puede ejercer  la libre manifestaci\u00f3n de las ideas sin hacer uso de la violencia y en un marco de respeto a los derechos de los dem\u00e1s ciudadanos.<\/p>\n<p>En este sentido, el diputado local manifest\u00f3 su optimismo para que la iniciativa de Ley que Garantiza la Manifestaci\u00f3n en nuestro estado, sea bien recibida por la ciudadan\u00eda, toda vez que procura un equilibrio entre los derechos y  necesidades tanto de los manifestantes como de aquellas personas que no participan en las movilizaciones.<\/p>\n<p>Quintana Mart\u00ednez destac\u00f3 que la propuesta legislativa que impulsa Acci\u00f3n Nacional obliga a todos los funcionarios que sean requeridos por la ciudadan\u00eda durante una manifestaci\u00f3n, dar atenci\u00f3n oportuna y propuestas de soluci\u00f3n al conflicto, a fin de lograr una funci\u00f3n p\u00fablica que realmente est\u00e9 al servicio de la gente.<\/p>\n<p>De manera especial, el representante popular distingui\u00f3 que ninguna de las movilizaciones que se han realizado en la entidad ha derivado en violencia a comparaci\u00f3n de otros estados, lo que en su opini\u00f3n, mantiene a Michoac\u00e1n como un estado seguro para las inversiones e id\u00f3neo para el turismo nacional y extranjero, permitiendo as\u00ed mayor derrama econ\u00f3mica para las familias michoacanas.<\/p>\n<p>Finalmente Carlos Quintana reiter\u00f3 que la iniciativa que actualmente se encuentra en estudio y an\u00e1lisis al interior de las Comisiones legislativas, jam\u00e1s ha contemplado la suspensi\u00f3n de este derecho y mucho menos supeditarlo a los intereses de un gobierno u otro, sino \u00fanicamente busca brindar seguridad a quienes se manifiesten y permitir a toda la poblaci\u00f3n transitar de manera libre y tranquila por la v\u00eda p\u00fablica.<\/p>\n","protected":false},"excerpt":{"rendered":"<p>Tras reconocer que Acci\u00f3n Nacional siempre velar\u00e1 por el respeto al derecho de libre manifestaci\u00f3n, el coordinador de los diputados del PAN, Carlos Quintana Mart\u00ednez, reconoci\u00f3 que ante las diversas marchas que se han realizado en nuestro estado durante los \u00faltimos d\u00edas, los michoacanos han sido ejemplo a nivel nacional de que se puede ejercer  la libre manifestaci\u00f3n de las ideas sin hacer uso de la violencia y en un marco de respeto a los derechos de los dem\u00e1s ciudadanos.<\/p>\n","protected":false},"author":1,"featured_media":29665,"comment_status":"open","ping_status":"open","sticky":false,"template":"","format":"standard","meta":{"footnotes":""},"categories":[6,14,8],"tags":[],"class_list":["post-29664","post","type-post","status-publish","format-standard","has-post-thumbnail","hentry","category-congreso-del-estado","category-destacadas","category-grupo-parlamentario-del-pan"],"_links":{"self":[{"href":"https:\/\/radiowebmx.com\/nota\/wp-json\/wp\/v2\/posts\/29664","targetHints":{"allow":["GET"]}}],"collection":[{"href":"https:\/\/radiowebmx.com\/nota\/wp-json\/wp\/v2\/posts"}],"about":[{"href":"https:\/\/radiowebmx.com\/nota\/wp-json\/wp\/v2\/types\/post"}],"author":[{"embeddable":true,"href":"https:\/\/radiowebmx.com\/nota\/wp-json\/wp\/v2\/users\/1"}],"replies":[{"embeddable":true,"href":"https:\/\/radiowebmx.com\/nota\/wp-json\/wp\/v2\/comments?post=29664"}],"version-history":[{"count":1,"href":"https:\/\/radiowebmx.com\/nota\/wp-json\/wp\/v2\/posts\/29664\/revisions"}],"predecessor-version":[{"id":29666,"href":"https:\/\/radiowebmx.com\/nota\/wp-json\/wp\/v2\/posts\/29664\/revisions\/29666"}],"wp:featuredmedia":[{"embeddable":true,"href":"https:\/\/radiowebmx.com\/nota\/wp-json\/wp\/v2\/media\/29665"}],"wp:attachment":[{"href":"https:\/\/radiowebmx.com\/nota\/wp-json\/wp\/v2\/media?parent=29664"}],"wp:term":[{"taxonomy":"category","embeddable":true,"href":"https:\/\/radiowebmx.com\/nota\/wp-json\/wp\/v2\/categories?post=29664"},{"taxonomy":"post_tag","embeddable":true,"href":"https:\/\/radiowebmx.com\/nota\/wp-json\/wp\/v2\/tags?post=29664"}],"curies":[{"name":"wp","href":"https:\/\/api.w.org\/{rel}","templated":true}]}}