{"id":29647,"date":"2017-01-10T10:26:01","date_gmt":"2017-01-10T16:26:01","guid":{"rendered":"https:\/\/radiowebmx.com\/nota\/?p=29647"},"modified":"2017-01-10T10:26:01","modified_gmt":"2017-01-10T16:26:01","slug":"constata-gobierno-federal-calidad-de-complejo-acuatico-medallistas-paralimpicos","status":"publish","type":"post","link":"https:\/\/radiowebmx.com\/nota\/constata-gobierno-federal-calidad-de-complejo-acuatico-medallistas-paralimpicos\/","title":{"rendered":"Constata Gobierno Federal calidad de Complejo Acu\u00e1tico \u201cMedallistas Paral\u00edmpicos\u201d"},"content":{"rendered":"<p><img loading=\"lazy\" decoding=\"async\" src=\"https:\/\/radiowebmx.com\/nota\/wp-content\/uploads\/2017\/01\/5fbde229-37ad-44ef-9fe2-bf5a36eb3747.jpg\" alt=\"5fbde229-37ad-44ef-9fe2-bf5a36eb3747\" width=\"709\" height=\"472\" class=\"alignleft size-full wp-image-29648\" srcset=\"https:\/\/radiowebmx.com\/nota\/wp-content\/uploads\/2017\/01\/5fbde229-37ad-44ef-9fe2-bf5a36eb3747.jpg 709w, https:\/\/radiowebmx.com\/nota\/wp-content\/uploads\/2017\/01\/5fbde229-37ad-44ef-9fe2-bf5a36eb3747-300x200.jpg 300w\" sizes=\"auto, (max-width: 709px) 100vw, 709px\" \/><\/p>\n<p>Como parte de los esfuerzos por brindar un buen servicio a la ciudadan\u00eda, el Gobierno Federal, a petici\u00f3n de la Comisi\u00f3n Nacional de Cultura F\u00edsica y Deporte (CONADE), realiz\u00f3 una supervisi\u00f3n de las instalaciones del Complejo Acu\u00e1tico \u201cMedallistas Paral\u00edmpicos\u201d, de la unidad deportiva Morelos Indeco, el cual est\u00e1 bajo el resguardo del Ayuntamiento de Morelia, encabezado por el Presidente Municipal, Alfonso Mart\u00ednez Alc\u00e1zar. Adem\u00e1s, esta ma\u00f1ana arranc\u00f3 el proceso de inscripciones del curso anual de nataci\u00f3n 2017, el cual cont\u00f3 con una grata respuesta, al registrar m\u00e1s de un millar de personas en el primer d\u00eda.<\/p>\n<p>El Gobierno Municipal Independiente, a trav\u00e9s del Instituto Municipal de Cultura F\u00edsica y Deporte (IMDE), ha priorizado el buen mantenimiento de su infraestructura entre ellos los complejos acu\u00e1ticos, lo cual qued\u00f3 demostrado ante la visita de la encargada de Infraestructura del Gobierno Federal, Samanta Flores, quien realiz\u00f3 una supervisi\u00f3n a petici\u00f3n de la CONADE, al ser esta una obra federal.<\/p>\n<p>Durante la revisi\u00f3n, que se centr\u00f3 en el espacio acu\u00e1tico de mayor calidad en la ciudad (Medallistas Paral\u00edmpicos), se hizo hincapi\u00e9 en la importancia de mantenerlo en buenas condiciones para la sociedad, al reconocer que es una de las inversiones m\u00e1s fuertes aplicadas en la ciudad en materia deportiva.<\/p>\n<p>\u201cNos encontramos con una alberca en condiciones adecuadas para su uso y eso es algo que nos deja tranquilidad, ya que este recinto es parte de un compromiso del Gobierno de la Rep\u00fablica y como tal debemos de asegurar su uso responsable, lo que tambi\u00e9n ayuda para en un futuro aplicar m\u00e1s recursos en este sentido a la ciudad\u201d, extern\u00f3 la encargada de Infraestructura, Samanta Flores.<\/p>\n<p>Adem\u00e1s, la funcionaria federal dej\u00f3 entrever la posibilidad de que la capital michoacana se vea beneficiada en materia de infraestructura deportiva, durante el presente a\u00f1o.<\/p>\n<p>\u201cSi veo viable que se puedan otorgar nuevas posibilidades a Morelia, por eso son necesarias este tipo de revisiones. Con las gestiones adecuadas se pueden extender las oportunidades para tener m\u00e1s espacios de calidad, en ese sentido la ciudad tiene la puerta abierta\u201d, expres\u00f3, Samanta Flores.<\/p>\n<p>Arrancan inscripciones<\/p>\n<p>Con gran afluencia de personas, arranc\u00f3 el proceso de inscripciones para el curso anual de nataci\u00f3n 2017 del IMDE, al contar con poco m\u00e1s de un millar de usuarios en el primer d\u00eda, por lo cual, se espera alcanzar la meta que es de 8 mil personas entre los 4 complejos acu\u00e1ticos.<\/p>\n<p>Para este nuevo ciclo, se realizaron modificaciones en el proceso de inscripci\u00f3n con el fin de hacerlo m\u00e1s \u00e1gil, al dividir los d\u00edas de tr\u00e1mite de acuerdo a la categor\u00eda, por lo que hoy y ma\u00f1ana es el espacio para la modalidad de Matronataci\u00f3n (3 a 6 a\u00f1os) y Mini Infantil (7 y 8 a\u00f1os) con un horario de 07:00 a 13:00 y 14:00 a 21:00 horas; 11 y 12 del presente mes en Infantiles y Adaptado (07:00 a 13:00 y 14:00 a 21:00 horas); Adultos y Tercera Edad, los d\u00edas 13 y 14 (07:00 a 21:00 y 07:00 a 13:00 horas); as\u00ed como para el p\u00fablico en general del 16 al 19 de enero de 07:00 a 21:00 horas.<\/p>\n<p>\u201cHa sido un arranque bastante aceptable de este proceso, rebasamos ya las mil personas inscritas y solo estamos hablando de ni\u00f1os, eso nos da pie a que, con las categor\u00edas juveniles y de p\u00fablico en general, que son las de mayor concurrencia, alcancemos nuestra meta de 8 mil usuarios entre los 4 espacios que tenemos\u201d, manifest\u00f3 Hugo Mac\u00edas Caballero, Jefe de Actividades Acu\u00e1ticas del IMDE.<\/p>\n<p>Mac\u00edas Caballero adem\u00e1s resalt\u00f3 que la calidad en cuanto a la forma de trabajo y desarrollo de la persona, sin importar su edad, es uno de los elementos de mayor fortaleza de los complejos, al contar con un cuerpo de instructores capacitado y que realizar\u00e1 evaluaciones trimestrales a los nadadores para medir su avance en la disciplina.<\/p>\n<p>\u201cYo eleg\u00ed esta alberca porque me parece que est\u00e1 en mucho mejores condiciones que otras de la ciudad, adem\u00e1s de que hay una mayor cercan\u00eda con el instructor y eso nos ha permitido tener una mayor evoluci\u00f3n\u201d, apunt\u00f3 el usuario, Marco Guti\u00e9rrez.<\/p>\n<p>Los requisitos de inscripci\u00f3n son: 2 fotograf\u00edas tama\u00f1o infantil recientes, una copia del CURP, adem\u00e1s de un certificado m\u00e9dico, el cual se otorga en cualquiera de los espacios acu\u00e1ticos del IMDE con un costo de 43 pesos, adem\u00e1s de cubrir la inscripci\u00f3n anual de 132  pesos.<\/p>\n<p>Los costos oscilan desde los 85.00 hasta los 552 pesos, esto de acuerdo a la modalidad elegida, ya sea nataci\u00f3n, matronataci\u00f3n, deporte adaptado, aquazumba, tercera edad y selecciones, aunado a la cantidad de clases por semana.<\/p>\n<p>El curso de 2017, se desarrollar\u00e1 en los horarios acostumbrados de las piscinas de 06:00 a 22:00 horas de lunes a viernes y de 06:00 a 13:00 horas los s\u00e1bados.<\/p>\n<p>Acu\u00e1ticas IMDE<\/p>\n<p>\u00b7         Complejo Acu\u00e1tico \u201cMedallistas Paral\u00edmpicos\u201d<br \/>\n\u00b7         Alberca Semiol\u00edmpica Morelos-Indeco<br \/>\n\u00b7         Complejo Acu\u00e1tico Villa Magna<br \/>\n\u00b7         Complejo Acu\u00e1tico Bicentenario<\/p>\n<p>Costos Curso Anual de Nataci\u00f3n 2017<\/p>\n<p>C\u00f3digo       Curso                    D\u00edas               Costo<\/p>\n<p>A                 Regular                  S\u00e1bado          166.00<br \/>\nB                 Regular                  M-J               276.00<br \/>\nC                 Regular                  L-MI-V          386.00<br \/>\nD                 Regular                  L-V               552.00<br \/>\nE                 3\u00aa Edad                  M-J              110.50<br \/>\n                                                  L-MI-V          110.50<br \/>\nF                 Selecciones           L-S               276.00<br \/>\nG                Matronataci\u00f3n        S\u00e1bado         190.00<br \/>\nH                Matronataci\u00f3n        M-J              379.00<br \/>\nI                  Matronataci\u00f3n        L-MI-V          496.50<br \/>\nJ                 Deporte Adap.        M-J              85.00<br \/>\nK                Deporte Adap.         L-MI-V          128.00<br \/>\nL                 Aquazumba            M-J              320.00<br \/>\n                                                  L-MI-V          480.00<\/p>\n","protected":false},"excerpt":{"rendered":"<p>Como parte de los esfuerzos por brindar un buen servicio a la ciudadan\u00eda, el Gobierno Federal, a petici\u00f3n de la Comisi\u00f3n Nacional de Cultura F\u00edsica y Deporte (CONADE), realiz\u00f3 una supervisi\u00f3n de las instalaciones del Complejo Acu\u00e1tico \u201cMedallistas Paral\u00edmpicos\u201d<\/p>\n","protected":false},"author":1,"featured_media":29648,"comment_status":"open","ping_status":"open","sticky":false,"template":"","format":"standard","meta":{"footnotes":""},"categories":[14,3],"tags":[],"class_list":["post-29647","post","type-post","status-publish","format-standard","has-post-thumbnail","hentry","category-destacadas","category-gobierno-del-estado-de-michoacan"],"_links":{"self":[{"href":"https:\/\/radiowebmx.com\/nota\/wp-json\/wp\/v2\/posts\/29647","targetHints":{"allow":["GET"]}}],"collection":[{"href":"https:\/\/radiowebmx.com\/nota\/wp-json\/wp\/v2\/posts"}],"about":[{"href":"https:\/\/radiowebmx.com\/nota\/wp-json\/wp\/v2\/types\/post"}],"author":[{"embeddable":true,"href":"https:\/\/radiowebmx.com\/nota\/wp-json\/wp\/v2\/users\/1"}],"replies":[{"embeddable":true,"href":"https:\/\/radiowebmx.com\/nota\/wp-json\/wp\/v2\/comments?post=29647"}],"version-history":[{"count":1,"href":"https:\/\/radiowebmx.com\/nota\/wp-json\/wp\/v2\/posts\/29647\/revisions"}],"predecessor-version":[{"id":29649,"href":"https:\/\/radiowebmx.com\/nota\/wp-json\/wp\/v2\/posts\/29647\/revisions\/29649"}],"wp:featuredmedia":[{"embeddable":true,"href":"https:\/\/radiowebmx.com\/nota\/wp-json\/wp\/v2\/media\/29648"}],"wp:attachment":[{"href":"https:\/\/radiowebmx.com\/nota\/wp-json\/wp\/v2\/media?parent=29647"}],"wp:term":[{"taxonomy":"category","embeddable":true,"href":"https:\/\/radiowebmx.com\/nota\/wp-json\/wp\/v2\/categories?post=29647"},{"taxonomy":"post_tag","embeddable":true,"href":"https:\/\/radiowebmx.com\/nota\/wp-json\/wp\/v2\/tags?post=29647"}],"curies":[{"name":"wp","href":"https:\/\/api.w.org\/{rel}","templated":true}]}}