{"id":29644,"date":"2017-01-10T10:22:42","date_gmt":"2017-01-10T16:22:42","guid":{"rendered":"https:\/\/radiowebmx.com\/nota\/?p=29644"},"modified":"2017-01-10T10:22:42","modified_gmt":"2017-01-10T16:22:42","slug":"acuerdan-ivem-y-amic-impulsar-proyectos-de-vivienda-vertical-en-michoacan","status":"publish","type":"post","link":"https:\/\/radiowebmx.com\/nota\/acuerdan-ivem-y-amic-impulsar-proyectos-de-vivienda-vertical-en-michoacan\/","title":{"rendered":"Acuerdan IVEM y AMIC impulsar proyectos de vivienda vertical en Michoac\u00e1n"},"content":{"rendered":"<p><img loading=\"lazy\" decoding=\"async\" src=\"https:\/\/radiowebmx.com\/nota\/wp-content\/uploads\/2017\/01\/9560d6a8-fefe-4c26-be67-87acaaad7339.jpg\" alt=\"9560d6a8-fefe-4c26-be67-87acaaad7339\" width=\"709\" height=\"398\" class=\"alignleft size-full wp-image-29645\" srcset=\"https:\/\/radiowebmx.com\/nota\/wp-content\/uploads\/2017\/01\/9560d6a8-fefe-4c26-be67-87acaaad7339.jpg 709w, https:\/\/radiowebmx.com\/nota\/wp-content\/uploads\/2017\/01\/9560d6a8-fefe-4c26-be67-87acaaad7339-300x168.jpg 300w, https:\/\/radiowebmx.com\/nota\/wp-content\/uploads\/2017\/01\/9560d6a8-fefe-4c26-be67-87acaaad7339-284x158.jpg 284w, https:\/\/radiowebmx.com\/nota\/wp-content\/uploads\/2017\/01\/9560d6a8-fefe-4c26-be67-87acaaad7339-128x72.jpg 128w\" sizes=\"auto, (max-width: 709px) 100vw, 709px\" \/><\/p>\n<p>Morelia, Michoac\u00e1n, a 9 de enero de 2017.- Empresarios de la construcci\u00f3n est\u00e1n decididos a apoyar al Gobierno del Estado e impulsar la econom\u00eda local, asegur\u00f3 la directora general del Instituto de Vivienda del Estado de Michoac\u00e1n (IVEM), Yesm\u00edn S\u00e1nchez Huerta, luego de reunirse con Gerardo Hern\u00e1ndez Tello, representante de la Asociaci\u00f3n Michoacana de Constructores (AMIC).<\/p>\n<p>La funcionaria estatal indic\u00f3 que la innovaci\u00f3n y la creatividad son herramientas esenciales tanto para el IVEM como para el sector privado, el cual conf\u00eda en el Gobierno que encabeza el Gobernador Silvano Aureoles Conejo y, por ello, seguir\u00e1 apoyando la estrategia para impulsar el desarrollo de vivienda social.<\/p>\n<p>Durante la primera reuni\u00f3n de trabajo entre la representaci\u00f3n oficial del IVEM y la AMIC, S\u00e1nchez Huerta resalt\u00f3 que se lograron los primeros acuerdos para impulsar proyectos de vivienda vertical en la entidad, con el apoyo financiero de los propios empresarios de la construcci\u00f3n, a fin de mantener fuentes de empleo.<\/p>\n<p>En este tenor, la titular del IVEM resalt\u00f3 que una de las formas de impulsar la econom\u00eda local es a trav\u00e9s de la industria de la construcci\u00f3n, adem\u00e1s de satisfacer la demanda estatal de vivienda como eje estrat\u00e9gico de justicia social para las y los ciudadanos.<\/p>\n<p>Por su parte, el representante de Sergio Valladares Mej\u00eda, presidente de la AMIC, indic\u00f3 que los m\u00e1s de cien socios que conforman este organismo empresarial est\u00e1n dispuestos a apoyar a la administraci\u00f3n estatal en la construcci\u00f3n y conclusi\u00f3n de proyectos sociales. \u201cSabemos que el Gobierno del Estado nos apoya y le apostamos al proceso de construcci\u00f3n de vivienda en el estado\u201d, asever\u00f3.<\/p>\n","protected":false},"excerpt":{"rendered":"<p>Empresarios de la construcci\u00f3n est\u00e1n decididos a apoyar al Gobierno del Estado e impulsar la econom\u00eda local, asegur\u00f3 la directora general del Instituto de Vivienda del Estado de Michoac\u00e1n (IVEM), Yesm\u00edn S\u00e1nchez Huerta, luego de reunirse con Gerardo Hern\u00e1ndez Tello, representante de la Asociaci\u00f3n Michoacana de Constructores (AMIC).<\/p>\n","protected":false},"author":1,"featured_media":29645,"comment_status":"open","ping_status":"open","sticky":false,"template":"","format":"standard","meta":{"footnotes":""},"categories":[14,3],"tags":[],"class_list":["post-29644","post","type-post","status-publish","format-standard","has-post-thumbnail","hentry","category-destacadas","category-gobierno-del-estado-de-michoacan"],"_links":{"self":[{"href":"https:\/\/radiowebmx.com\/nota\/wp-json\/wp\/v2\/posts\/29644","targetHints":{"allow":["GET"]}}],"collection":[{"href":"https:\/\/radiowebmx.com\/nota\/wp-json\/wp\/v2\/posts"}],"about":[{"href":"https:\/\/radiowebmx.com\/nota\/wp-json\/wp\/v2\/types\/post"}],"author":[{"embeddable":true,"href":"https:\/\/radiowebmx.com\/nota\/wp-json\/wp\/v2\/users\/1"}],"replies":[{"embeddable":true,"href":"https:\/\/radiowebmx.com\/nota\/wp-json\/wp\/v2\/comments?post=29644"}],"version-history":[{"count":1,"href":"https:\/\/radiowebmx.com\/nota\/wp-json\/wp\/v2\/posts\/29644\/revisions"}],"predecessor-version":[{"id":29646,"href":"https:\/\/radiowebmx.com\/nota\/wp-json\/wp\/v2\/posts\/29644\/revisions\/29646"}],"wp:featuredmedia":[{"embeddable":true,"href":"https:\/\/radiowebmx.com\/nota\/wp-json\/wp\/v2\/media\/29645"}],"wp:attachment":[{"href":"https:\/\/radiowebmx.com\/nota\/wp-json\/wp\/v2\/media?parent=29644"}],"wp:term":[{"taxonomy":"category","embeddable":true,"href":"https:\/\/radiowebmx.com\/nota\/wp-json\/wp\/v2\/categories?post=29644"},{"taxonomy":"post_tag","embeddable":true,"href":"https:\/\/radiowebmx.com\/nota\/wp-json\/wp\/v2\/tags?post=29644"}],"curies":[{"name":"wp","href":"https:\/\/api.w.org\/{rel}","templated":true}]}}