{"id":29636,"date":"2017-01-09T13:53:36","date_gmt":"2017-01-09T19:53:36","guid":{"rendered":"https:\/\/radiowebmx.com\/nota\/?p=29636"},"modified":"2017-01-09T13:53:36","modified_gmt":"2017-01-09T19:53:36","slug":"dif-michoacan-fortalece-programas-alimentarios-y-de-desarrollo-familiar","status":"publish","type":"post","link":"https:\/\/radiowebmx.com\/nota\/dif-michoacan-fortalece-programas-alimentarios-y-de-desarrollo-familiar\/","title":{"rendered":"DIF Michoac\u00e1n fortalece programas alimentarios y de desarrollo familiar"},"content":{"rendered":"<p><img loading=\"lazy\" decoding=\"async\" src=\"https:\/\/radiowebmx.com\/nota\/wp-content\/uploads\/2017\/01\/5dd76b92-613e-403e-ac38-17b948286da1.jpg\" alt=\"5dd76b92-613e-403e-ac38-17b948286da1\" width=\"709\" height=\"472\" class=\"alignleft size-full wp-image-29637\" srcset=\"https:\/\/radiowebmx.com\/nota\/wp-content\/uploads\/2017\/01\/5dd76b92-613e-403e-ac38-17b948286da1.jpg 709w, https:\/\/radiowebmx.com\/nota\/wp-content\/uploads\/2017\/01\/5dd76b92-613e-403e-ac38-17b948286da1-300x200.jpg 300w\" sizes=\"auto, (max-width: 709px) 100vw, 709px\" \/><\/p>\n<p><img loading=\"lazy\" decoding=\"async\" src=\"https:\/\/radiowebmx.com\/nota\/wp-content\/uploads\/2017\/01\/1fb63751-eb0b-4427-bd6e-d5d46bf2e066.jpg\" alt=\"1fb63751-eb0b-4427-bd6e-d5d46bf2e066\" width=\"709\" height=\"1062\" class=\"alignleft size-full wp-image-29638\" srcset=\"https:\/\/radiowebmx.com\/nota\/wp-content\/uploads\/2017\/01\/1fb63751-eb0b-4427-bd6e-d5d46bf2e066.jpg 709w, https:\/\/radiowebmx.com\/nota\/wp-content\/uploads\/2017\/01\/1fb63751-eb0b-4427-bd6e-d5d46bf2e066-200x300.jpg 200w, https:\/\/radiowebmx.com\/nota\/wp-content\/uploads\/2017\/01\/1fb63751-eb0b-4427-bd6e-d5d46bf2e066-684x1024.jpg 684w\" sizes=\"auto, (max-width: 709px) 100vw, 709px\" \/><\/p>\n<p>Morelia, Michoac\u00e1n, a 09 de enero de 2017.-  La Directora General del Sistema DIF Michoac\u00e1n, Roc\u00edo Beamonte Romero detall\u00f3 que a trav\u00e9s de la direcci\u00f3n de Atenci\u00f3n a Familias en Estado Vulnerable y Enlace Municipal (AFEVEM) se manejan diversos programas como los Desayunadores Escolares, los Espacios de Alimentaci\u00f3n, Encuentro y Desarrollo (EAEyD), la Asistencia Alimentaria a Familias en Desamparo y la Atenci\u00f3n y Orientaci\u00f3n Alimentaria que contribuyen a mejorar la dieta de los sectores m\u00e1s vulnerables de la entidad como son los ni\u00f1os, las ni\u00f1as, los adultos mayores y las mujeres embarazadas. <\/p>\n<p>En 2016, el departamento de Espacios de Alimentaci\u00f3n, Encuentro y Desarrollo (EAEyD) abri\u00f3 un espacio en la colonia Villas del Pedregal, cumpliendo con uno de los compromisos de campa\u00f1a del Gobernador del Estado, Silvano Aureoles Conejo, con el cual se dar\u00e1 atenci\u00f3n , asimismo se logr\u00f3 la firma de convenio con la Secretaria de Desarrollo Social (SEDESOL) para la donaci\u00f3n de mil 023potabilizadores de agua que benefician a igual n\u00famero de espacios.<\/p>\n<p>Los EAEyD son lugares donde se ofrecen raciones de alimentos calientes mismos que son preparados por mismos voluntarios de la comunidad; los comedores son abastecidos con alimentos que proporciona el DIF Estatal y el municipio proporciona los perecederos.<\/p>\n<p>Actualmente la dependencia estatal cuenta con mil 032 EAEyD en operaci\u00f3n, mismos que benefician a un total de 93 mil 865 personas. Es de resaltar que este a\u00f1o se ejercieron 84 millones 389 mil 544 pesos del orden federal para su operatividad.<br \/>\nA trav\u00e9s del departamento de Atenci\u00f3n y Orientaci\u00f3n Alimentaria, se implement\u00f3 en Michoac\u00e1n el Programa Nacional de Peso y Talla en ni\u00f1os en edad escolar, donde se censar\u00e1n todas las escuelas del estado, ya sean p\u00fablicas, privadas, rurales, ind\u00edgenas y CONAFE en M\u00e9xico. La meta es evaluar a 579 mil 679 alumnos  de primero a sexto grado de primaria en el estado.<\/p>\n<p>Tambi\u00e9n se trabajan los Desayunadores Escolares los cuales tienen el objetivo de promover una alimentaci\u00f3n correcta en la poblaci\u00f3n escolar mediante la entrega de desayunos en su modalidad fr\u00eda y\/o caliente, acompa\u00f1ado de acciones de orientaci\u00f3n alimentaria.<\/p>\n<p>Con este programa se benefician los 113 municipios del estado con un total de 2 mil 170 desayunadores con un total de 140 mil ni\u00f1os beneficiados. Este a\u00f1o se destin\u00f3 un recurso federal de 101 millones 936 mil 15 pesos para su operaci\u00f3n.<\/p>\n<p>La instituci\u00f3n estatal opera el programa de Asistencia Alimentaria a Familias en Desamparo, el cual tiene como objetivo fortalecer la dieta de las familias en situaci\u00f3n de marginaci\u00f3n a trav\u00e9s de un apoyo alimentario directo y temporal integrando acciones informativas para fomentar una alimentaci\u00f3n saludable.<\/p>\n<p>El apoyo consiste en un despensa mensual por familia, donde se establece una cuota de recuperaci\u00f3n y el proceso de selecci\u00f3n es a trav\u00e9s de cada DIF Municipal, este a\u00f1o se beneficiaron 101 mil 681 familias con una inversi\u00f3n de 146 millones 776 mil 599 pesos del orden federal.<\/p>\n<p>Cabe resaltar que a lo largo del a\u00f1o se realizan capacitaciones y acciones educativas en alimentaci\u00f3n y nutrici\u00f3n para el mejoramiento de los h\u00e1bitos alimenticios contribuyendo as\u00ed con una correcta alimentaci\u00f3n individual y comunitaria.<\/p>\n<p>En este eje, particularmente el DIF Estatal orienta al fortalecimiento alimenticio de sujetos que por su condici\u00f3n f\u00edsica, social o de salud, se encuentran temporalmente apartados de su hogar, e incorporados a instituciones que brindan asistencia social por medio del programa Asistencia Alimentaria a Sujetos Vulnerables, que ejerci\u00f3 3 millones de pesos para su operatividad y se otorgaron mil 52 apoyos distribuidos en 41 centros asistenciales.<\/p>\n<p>Paralelamente, el Sistema DIF Estatal cuenta con el programa de Proyectos Productivos los cuales buscan impulsar la seguridad alimentaria a trav\u00e9s de la conformaci\u00f3n de proyectos encaminados a fortalecer la producci\u00f3n local y micro regional de bienes y servicios para contribuir al mejoramiento de la econom\u00eda familiar y comunitaria.<\/p>\n<p>El a\u00f1o pasado se entregaron 86 proyectos en los diferentes rubros como: de transformaci\u00f3n, de servicio y de artes y oficios, con una inversi\u00f3n de 5 millones 425 mil pesos del orden federal, beneficiando de manera directa a 2 mil 500 personas de 73 localidades en 61 municipios de la entidad.<\/p>\n","protected":false},"excerpt":{"rendered":"<p> La Directora General del Sistema DIF Michoac\u00e1n, Roc\u00edo Beamonte Romero detall\u00f3 que a trav\u00e9s de la direcci\u00f3n de Atenci\u00f3n a Familias en Estado Vulnerable y Enlace Municipal (AFEVEM) se manejan diversos programas como los Desayunadores Escolares, los Espacios de Alimentaci\u00f3n, Encuentro y Desarrollo (EAEyD)<\/p>\n","protected":false},"author":1,"featured_media":29637,"comment_status":"open","ping_status":"open","sticky":false,"template":"","format":"standard","meta":{"footnotes":""},"categories":[14,3],"tags":[],"class_list":["post-29636","post","type-post","status-publish","format-standard","has-post-thumbnail","hentry","category-destacadas","category-gobierno-del-estado-de-michoacan"],"_links":{"self":[{"href":"https:\/\/radiowebmx.com\/nota\/wp-json\/wp\/v2\/posts\/29636","targetHints":{"allow":["GET"]}}],"collection":[{"href":"https:\/\/radiowebmx.com\/nota\/wp-json\/wp\/v2\/posts"}],"about":[{"href":"https:\/\/radiowebmx.com\/nota\/wp-json\/wp\/v2\/types\/post"}],"author":[{"embeddable":true,"href":"https:\/\/radiowebmx.com\/nota\/wp-json\/wp\/v2\/users\/1"}],"replies":[{"embeddable":true,"href":"https:\/\/radiowebmx.com\/nota\/wp-json\/wp\/v2\/comments?post=29636"}],"version-history":[{"count":1,"href":"https:\/\/radiowebmx.com\/nota\/wp-json\/wp\/v2\/posts\/29636\/revisions"}],"predecessor-version":[{"id":29639,"href":"https:\/\/radiowebmx.com\/nota\/wp-json\/wp\/v2\/posts\/29636\/revisions\/29639"}],"wp:featuredmedia":[{"embeddable":true,"href":"https:\/\/radiowebmx.com\/nota\/wp-json\/wp\/v2\/media\/29637"}],"wp:attachment":[{"href":"https:\/\/radiowebmx.com\/nota\/wp-json\/wp\/v2\/media?parent=29636"}],"wp:term":[{"taxonomy":"category","embeddable":true,"href":"https:\/\/radiowebmx.com\/nota\/wp-json\/wp\/v2\/categories?post=29636"},{"taxonomy":"post_tag","embeddable":true,"href":"https:\/\/radiowebmx.com\/nota\/wp-json\/wp\/v2\/tags?post=29636"}],"curies":[{"name":"wp","href":"https:\/\/api.w.org\/{rel}","templated":true}]}}