{"id":29633,"date":"2017-01-09T13:38:17","date_gmt":"2017-01-09T19:38:17","guid":{"rendered":"https:\/\/radiowebmx.com\/nota\/?p=29633"},"modified":"2017-01-09T13:38:17","modified_gmt":"2017-01-09T19:38:17","slug":"en-este-ano-se-rehabilitara-la-carretera-los-reyes-jacona-roberto-maldonado","status":"publish","type":"post","link":"https:\/\/radiowebmx.com\/nota\/en-este-ano-se-rehabilitara-la-carretera-los-reyes-jacona-roberto-maldonado\/","title":{"rendered":"En este a\u00f1o se rehabilitar\u00e1 la carretera Los Reyes-Jacona: Roberto Maldonado"},"content":{"rendered":"<p><img loading=\"lazy\" decoding=\"async\" src=\"https:\/\/radiowebmx.com\/nota\/wp-content\/uploads\/2017\/01\/thumbnail_Comunicado-017.jpg\" alt=\"thumbnail_comunicado-017\" width=\"709\" height=\"472\" class=\"alignleft size-full wp-image-29634\" srcset=\"https:\/\/radiowebmx.com\/nota\/wp-content\/uploads\/2017\/01\/thumbnail_Comunicado-017.jpg 709w, https:\/\/radiowebmx.com\/nota\/wp-content\/uploads\/2017\/01\/thumbnail_Comunicado-017-300x200.jpg 300w\" sizes=\"auto, (max-width: 709px) 100vw, 709px\" \/><\/p>\n<p>Morelia; Michoac\u00e1n, 08 de enero de 2017.-  Los diputados integrantes de la 73 Legislatura del Congreso del Estado aprobaron se destinen los recursos suficientes para que el gobierno del estado inicie la rehabilitaci\u00f3n de la carretera Los Reyes-Jacona, aplaudi\u00f3 el diputado local Roberto Maldonado Hinojosa.<\/p>\n<p>El legislador por el distrito 9 de Los Reyes, se\u00f1al\u00f3 que los diputados michoacanos dieron muestra de su compromiso para que en el estado las regiones puedan desarrollarse de manera integral en beneficio de los ciudadanos, precis\u00f3 que con la rehabilitaci\u00f3n de este tramo carretero se detonar\u00e1 de manera importante una industria que en un corto tiempo es l\u00edder mundial en producci\u00f3n y exportaci\u00f3n de frutillas y aguacate.<\/p>\n<p>Roberto Maldonado destac\u00f3 que la responsabilidad que asumieron los legisladores al aprobar el art\u00edculo d\u00e9cimo novenos transitorio que se\u00f1ala que \u201cLa Secretaria de Finanzas y Administraci\u00f3n a trav\u00e9s de la Comisi\u00f3n Gasto-Financiamiento dotar\u00e1 los recursos presupuestarios necesarios para la rehabilitaci\u00f3n del tramo carretero de Los Reyes a Jacona\u201d, es sin duda una acci\u00f3n que beneficia a una de las regiones m\u00e1s prosperas en diversas producciones con las que se cuenta en Michoac\u00e1n.<\/p>\n<p>En ese tenor, el legislador por el distrito de Los Reyes precis\u00f3 que la unidad y organizaci\u00f3n que demostraron productores de ca\u00f1a, frutillas, aguacate, ciudadanos, ejidatarios y empresarios de toda la regi\u00f3n para reunir las firmas, tuvo una resonancia efectiva ante el Congreso del Estado.<\/p>\n<p>Roberto Maldonado, asegur\u00f3 que el siguiente paso es apelar a la eficiencia de las autoridades estatales, a la sensibilidad del gobernador del estado, Silvano Aureoles, para que la solicitud hecha por miles de ciudadanos de la regi\u00f3n Los Reyes-Jacona se vea reflejada con el inici\u00f3 de las obras que rehabiliten el tramo carretero, el cual beneficiar\u00e1 de manera directa a la agroindustria que genera para el estado 150 mil empleos en la producci\u00f3n de frutas y aguacate, s\u00f3lo en los municipios de Los Reyes, Perib\u00e1n, Tinguindin y Tocumbo, atrayendo mano de obra incluso de otros municipios vecinos.<\/p>\n<p>El diputado local, Maldonado Hinojosa, resalt\u00f3 que en los \u00faltimos a\u00f1os este sector se proyecta como uno de los de mayor potencial de crecimiento en el sector agr\u00edcola, ya que de acuerdo al \u00faltimo dato disponible, M\u00e9xico export\u00f3 aguacate, fresas, frambuesas, ar\u00e1ndanos y zarzamoras frescas por m\u00e1s de cuatro mil millones de d\u00f3lares, datos que emiti\u00f3 Benjam\u00edn Grayeb, Presidente del Consejo Nacional Agropecuario.<\/p>\n<p>Maldonado Hinojosa, puntualiz\u00f3 que los municipios de Periban, Tanc\u00edtaro, Los Reyes, Charapan, Ting\u00fcind\u00edn, Tocumbo, Villamar, Santiago Tangamandapio, Jacona, Tanganc\u00edacuaro, se beneficiar\u00e1n de manera directa con la rehabilitaci\u00f3n de la citada carretera ya que el impacto de desarrollo para la regi\u00f3n es el m\u00e1s pr\u00f3spero de la entidad, lo que lo convertir\u00e1 en un importante corredor agroindustrial que brindar\u00e1, sin duda, mayor estabilidad econ\u00f3mica y social para los m\u00e1s de 400 mil habitantes de la regi\u00f3n.<\/p>\n","protected":false},"excerpt":{"rendered":"<p>Los diputados integrantes de la 73 Legislatura del Congreso del Estado aprobaron se destinen los recursos suficientes para que el gobierno del estado inicie la rehabilitaci\u00f3n de la carretera Los Reyes-Jacona, aplaudi\u00f3 el diputado local Roberto Maldonado Hinojosa.<\/p>\n","protected":false},"author":1,"featured_media":29634,"comment_status":"open","ping_status":"open","sticky":false,"template":"","format":"standard","meta":{"footnotes":""},"categories":[6,14],"tags":[],"class_list":["post-29633","post","type-post","status-publish","format-standard","has-post-thumbnail","hentry","category-congreso-del-estado","category-destacadas"],"_links":{"self":[{"href":"https:\/\/radiowebmx.com\/nota\/wp-json\/wp\/v2\/posts\/29633","targetHints":{"allow":["GET"]}}],"collection":[{"href":"https:\/\/radiowebmx.com\/nota\/wp-json\/wp\/v2\/posts"}],"about":[{"href":"https:\/\/radiowebmx.com\/nota\/wp-json\/wp\/v2\/types\/post"}],"author":[{"embeddable":true,"href":"https:\/\/radiowebmx.com\/nota\/wp-json\/wp\/v2\/users\/1"}],"replies":[{"embeddable":true,"href":"https:\/\/radiowebmx.com\/nota\/wp-json\/wp\/v2\/comments?post=29633"}],"version-history":[{"count":1,"href":"https:\/\/radiowebmx.com\/nota\/wp-json\/wp\/v2\/posts\/29633\/revisions"}],"predecessor-version":[{"id":29635,"href":"https:\/\/radiowebmx.com\/nota\/wp-json\/wp\/v2\/posts\/29633\/revisions\/29635"}],"wp:featuredmedia":[{"embeddable":true,"href":"https:\/\/radiowebmx.com\/nota\/wp-json\/wp\/v2\/media\/29634"}],"wp:attachment":[{"href":"https:\/\/radiowebmx.com\/nota\/wp-json\/wp\/v2\/media?parent=29633"}],"wp:term":[{"taxonomy":"category","embeddable":true,"href":"https:\/\/radiowebmx.com\/nota\/wp-json\/wp\/v2\/categories?post=29633"},{"taxonomy":"post_tag","embeddable":true,"href":"https:\/\/radiowebmx.com\/nota\/wp-json\/wp\/v2\/tags?post=29633"}],"curies":[{"name":"wp","href":"https:\/\/api.w.org\/{rel}","templated":true}]}}