{"id":2961,"date":"2013-06-18T11:06:26","date_gmt":"2013-06-18T16:06:26","guid":{"rendered":"https:\/\/radiowebmx.com\/nota\/?p=2961"},"modified":"2013-06-18T11:06:34","modified_gmt":"2013-06-18T16:06:34","slug":"el-nuevo-sistema-de-justicia-penal-requiere-el-mayor-de-los-esfuerzos-y-el-mejor-empeno-jesus-reyna-garcia","status":"publish","type":"post","link":"https:\/\/radiowebmx.com\/nota\/el-nuevo-sistema-de-justicia-penal-requiere-el-mayor-de-los-esfuerzos-y-el-mejor-empeno-jesus-reyna-garcia\/","title":{"rendered":"El Nuevo sistema de justicia penal requiere \u201cel mayor de los esfuerzos y el mejor empe\u00f1o\u201d: Jes\u00fas Reyna Garc\u00eda"},"content":{"rendered":"<p>\u201cSin duda existe un reclamo social innegable que escuchamos, de m\u00e1s seguridad, de m\u00e1s tranquilidad; un reclamo de justicia, un reclamo que dice \u2018no queremos m\u00e1s impunidad\u2019.\u00a0 Y todos estos elementos se corresponden unos con otros.\u00a0 Por eso tenemos que estar atentos y poner todo el empe\u00f1o del Estado\u201d, afirm\u00f3 Jos\u00e9 Jes\u00fas Reyna Garc\u00eda, gobernador del Estado, dentro de la trig\u00e9simo quinta sesi\u00f3n ordinaria que celebra el \u00f3rgano implementador al cabo de tres a\u00f1os de trabajo ininterrumpido.<\/p>\n<p>&nbsp;<\/p>\n<p>Explic\u00f3 que \u201choy tenemos una expectativa para cumplir estos prop\u00f3sitos, que es el Nuevo sistema de justicia penal. Es el compromiso que hoy tenemos (\u2026).\u00a0 Debemos aprovecharlo y cumplirlo cabalmente en los t\u00e9rminos que est\u00e1 dispuesto ya por nuestra legislaci\u00f3n vigente (\u2026).\u00a0 Tenemos que poner todo el empe\u00f1o\u201d, a\u00f1adi\u00f3.<\/p>\n<p>&nbsp;<\/p>\n<p>Reyna Garc\u00eda dijo aprovechar la ocasi\u00f3n, estando presentes las \u00e1reas y dependencias del Ejecutivo que tienen una responsabilidad y actividad importante y directa en el Nuevo sistema, \u201cpara exhortarles a que pongamos el mayor de los esfuerzos y el mejor empe\u00f1o\u201d, a fin de concretar esta tarea \u201ccon el mayor \u00e9xito y en beneficio de todos\u201d.<\/p>\n<p>&nbsp;<\/p>\n<p>Finalmente, el gobernador del Estado expres\u00f3 su \u201cconvicci\u00f3n personal de que este Consejo y estas decisiones tendr\u00e1n de parte del Ejecutivo todo el apoyo y la decisi\u00f3n de llevarlo adelante en los t\u00e9rminos que se han propuesto, para que a partir de febrero de 2014 inicie su implementaci\u00f3n en la zona que as\u00ed se ha dispuesto del estado.\u00a0 Tenemos desde luego que hacer un gran esfuerzo, para que podamos llevar a la ciudadan\u00eda de Michoac\u00e1n no tan solo la percepci\u00f3n, sino la seguridad, de que estamos inaugurando una nueva etapa de la impartici\u00f3n\u00a0 de justicia para beneficio de todos.\u00a0 Como estoy seguro que ser\u00e1 para el bien de Michoac\u00e1n, puedo aqu\u00ed nuevamente ratificar nuestro compromiso en apoyo de este Nuevo sistema y el cabal cumplimiento por parte de cada una de las instancias del ejecutivo para que as\u00ed sea\u201d, puntualiz\u00f3.<\/p>\n<p>&nbsp;<\/p>\n<p>Por su parte, Mar\u00eda de los \u00c1ngeles Fromow Rangel, titular de la Secretar\u00eda T\u00e9cnica del Consejo de Coordinaci\u00f3n para la Implementaci\u00f3n del Sistema de Justicia Penal de la Secretar\u00eda de Gobernaci\u00f3n (Setec), hizo hincapi\u00e9 en la intenci\u00f3n de \u201credoblar los esfuerzos necesarios para cumplir con la meta en el pr\u00f3ximo mes de febrero del a\u00f1o entrante\u201d.<\/p>\n<p>&nbsp;<\/p>\n<p>Fromow record\u00f3 que el presidente de la Rep\u00fablica ha dispuesto \u201ccomo un pilar para construir un M\u00e9xico en paz, la necesidad de tener un c\u00f3digo \u00fanico de procedimientos penales.\u00a0 Estamos trabajando en la C\u00e1mara de Diputados para que en el pr\u00f3ximo periodo pueda aprobarse esta reforma y estaremos solicit\u00e1ndola al Congreso del Estado (de Michoac\u00e1n) para que en su momento pueda valorar esta modificaci\u00f3n y aprobarla si as\u00ed lo considere pertinente, en beneficio de todo el pa\u00eds\u201d.\u00a0 La titular de Setec refiri\u00f3 que \u201chay un gran consenso de que as\u00ed suceda para que podamos reducir los m\u00e1rgenes de impunidad y para que podamos tener articulado, de manera arm\u00f3nica, un proceso \u00fanico en todo el pa\u00eds\u201d.<\/p>\n<p>&nbsp;<\/p>\n<p>Con respecto a los recursos econ\u00f3micos necesarios para la implementaci\u00f3n del sistema penal acusatorio en nuestro estado,\u00a0 Fromow Rangel explic\u00f3 que Setec \u201cse ha dado a la tarea, junto con todos los miembro de este Consejo, de articular el presupuesto que se requerir\u00eda en los pr\u00f3ximos 3 a\u00f1os.\u00a0 Esta evaluaci\u00f3n ser\u00e1 presentada en pr\u00f3ximos d\u00edas en el Consejo Coordinador a nivel federal con la finalidad de buscar financiamientos alternos y las formas para que los recursos puedan existir y cumplir el gran reto de implementar este Nuevo sistema de justicia penal\u201d.<\/p>\n<p>&nbsp;<\/p>\n<p>La encargada de la implementaci\u00f3n a nivel nacional habl\u00f3 tambi\u00e9n de la necesidad de contar con una campa\u00f1a de difusi\u00f3n armonizada a nivel federal para sensibilizar a la sociedad sobre el Nuevo sistema de justicia penal, \u201cestaremos presentando en breve una comunicaci\u00f3n transversal con un mensaje que pueda ser tomado por cada uno de ustedes como una bandera para dar a conocer a la sociedad los alcances del Nuevo sistema de justicia penal\u201d, dijo a los consejeros.<\/p>\n<p>&nbsp;<\/p>\n<p>\u201cTodo ello nos lleva a una reflexi\u00f3n: que tenemos que ir de la mano, que tenemos que trabajar como un gran equipo a nivel de las entidades federativas y la federaci\u00f3n, tomando las mejores pr\u00e1cticas de aquellos estados que ya han implementado el sistema en a\u00f1os anteriores, que han tomado ya algunos riesgos, que han visto las bondades del sistema y as\u00ed han ido mejorando su legislaci\u00f3n\u201d.<\/p>\n<p>&nbsp;<\/p>\n<p>\u201cPor ello es importante este compromiso que se me ha hecho sentir por todos sus consejeros y en especial a trav\u00e9s de la secretaria ejecutiva, de que este sistema est\u00e9 implementado en el 2014.\u00a0 Los retos son grandes\u201d, concluy\u00f3 la titular de la Secretar\u00eda T\u00e9cnica federal.<\/p>\n<p>&nbsp;<\/p>\n<p>Por su parte, Juan Antonio Maga\u00f1a de la Mora, presidente del Poder Judicial y del Consejo para el nuevo sistema de justicia penal, durante su uso de la palabra expres\u00f3 que \u201clos tres poderes del Estado hemos trabajado al un\u00edsono, plenamente convencidos de la necesidad de un cambio total en los mecanismos de la impartici\u00f3n de justicia penal\u201d.<\/p>\n<p>&nbsp;<\/p>\n<p>\u201cLos michoacanos deseamos una mejora sustancial en los procedimientos de car\u00e1cter penal que cumplan la disposici\u00f3n constitucional de prontitud y expeditez, sin menoscabo de sus derechos humanos (\u2026).\u00a0 En Michoac\u00e1n estamos desplegando nuestros mejores esfuerzos en aras de que la transformaci\u00f3n del Nuevo sistema de justicia penal sea \u00e1gil y ordenada (\u2026).\u00a0 Pero tambi\u00e9n sabemos que los esfuerzos deben ser unificados y orientados seg\u00fan una misma l\u00f3gica que permita la m\u00e1xima eficacia y eficiencia, optimizando los escasos recursos que tenemos para enfrentar una tarea de considerable magnitud e insoslayables desaf\u00edos\u201d, agreg\u00f3 Maga\u00f1a de la Mora.<\/p>\n<p>&nbsp;<\/p>\n<p>Finalmente, el presidente del Consejo agradeci\u00f3 todo el esfuerzo y empe\u00f1o que Mar\u00eda Arcelia Gonz\u00e1les Butr\u00f3n dedic\u00f3 como consejera acad\u00e9mica en este \u00f3rgano desde marzo de 2011, \u201csiempre apoy\u00e1ndonos y orient\u00e1ndonos para que este Consejo pudiera llevar a cabo el cumplimiento de las directrices que se han trazado\u201d.\u00a0 Gonz\u00e1les Butr\u00f3n concluye el d\u00eda de hoy su participaci\u00f3n en el Consejo como representante de la academia por motivos profesionales.<\/p>\n<p>&nbsp;<\/p>\n<p>&nbsp;<\/p>\n<p>&nbsp;<\/p>\n<p>&nbsp;<\/p>\n","protected":false},"excerpt":{"rendered":"<p>\u201cSin duda existe un reclamo social innegable que escuchamos, de m\u00e1s seguridad, de m\u00e1s tranquilidad; un reclamo de justicia, un reclamo que dice \u2018no queremos m\u00e1s impunidad\u2019.  Y todos estos elementos se corresponden unos con otros. <\/p>\n","protected":false},"author":1,"featured_media":0,"comment_status":"open","ping_status":"open","sticky":false,"template":"","format":"standard","meta":{"footnotes":""},"categories":[3],"tags":[],"class_list":["post-2961","post","type-post","status-publish","format-standard","hentry","category-gobierno-del-estado-de-michoacan"],"_links":{"self":[{"href":"https:\/\/radiowebmx.com\/nota\/wp-json\/wp\/v2\/posts\/2961","targetHints":{"allow":["GET"]}}],"collection":[{"href":"https:\/\/radiowebmx.com\/nota\/wp-json\/wp\/v2\/posts"}],"about":[{"href":"https:\/\/radiowebmx.com\/nota\/wp-json\/wp\/v2\/types\/post"}],"author":[{"embeddable":true,"href":"https:\/\/radiowebmx.com\/nota\/wp-json\/wp\/v2\/users\/1"}],"replies":[{"embeddable":true,"href":"https:\/\/radiowebmx.com\/nota\/wp-json\/wp\/v2\/comments?post=2961"}],"version-history":[{"count":3,"href":"https:\/\/radiowebmx.com\/nota\/wp-json\/wp\/v2\/posts\/2961\/revisions"}],"predecessor-version":[{"id":2964,"href":"https:\/\/radiowebmx.com\/nota\/wp-json\/wp\/v2\/posts\/2961\/revisions\/2964"}],"wp:attachment":[{"href":"https:\/\/radiowebmx.com\/nota\/wp-json\/wp\/v2\/media?parent=2961"}],"wp:term":[{"taxonomy":"category","embeddable":true,"href":"https:\/\/radiowebmx.com\/nota\/wp-json\/wp\/v2\/categories?post=2961"},{"taxonomy":"post_tag","embeddable":true,"href":"https:\/\/radiowebmx.com\/nota\/wp-json\/wp\/v2\/tags?post=2961"}],"curies":[{"name":"wp","href":"https:\/\/api.w.org\/{rel}","templated":true}]}}