{"id":2958,"date":"2013-06-18T11:05:08","date_gmt":"2013-06-18T16:05:08","guid":{"rendered":"https:\/\/radiowebmx.com\/nota\/?p=2958"},"modified":"2013-06-18T11:05:08","modified_gmt":"2013-06-18T16:05:08","slug":"tarea-de-todos-trabajar-por-un-mejor-crecimiento-de-ciudades-mauro-ramon-ballesteros","status":"publish","type":"post","link":"https:\/\/radiowebmx.com\/nota\/tarea-de-todos-trabajar-por-un-mejor-crecimiento-de-ciudades-mauro-ramon-ballesteros\/","title":{"rendered":"TAREA DE TODOS, TRABAJAR POR UN MEJOR CRECIMIENTO DE CIUDADES: MAURO RAM\u00d3N BALLESTEROS"},"content":{"rendered":"<p><a href=\"https:\/\/radiowebmx.com\/nota\/wp-content\/uploads\/2013\/06\/Taller-Ambient-Apatzing-002.jpg\"><img loading=\"lazy\" decoding=\"async\" class=\"alignleft size-full wp-image-2959\" alt=\"Taller Ambient Apatzing 002\" src=\"https:\/\/radiowebmx.com\/nota\/wp-content\/uploads\/2013\/06\/Taller-Ambient-Apatzing-002.jpg\" width=\"591\" height=\"286\" \/><\/a>Es un trabajo no solamente de autoridades e instituciones, sino de la sociedad en general, el construir acciones que abonen al crecimiento ordenado de las ciudades en Michoac\u00e1n, para as\u00ed, evitar un desorden poblacional, manifest\u00f3 el secretario de Urbanismo y Medio Ambiente en la entidad, Mauro Ram\u00f3n Ballesteros Figueroa.<\/p>\n<p>Al presidir el acto inaugural del 4\u00b0 Taller de Fortalecimiento Ambiental efectuado en la cabecera de este municipio, el funcionario estatal manifest\u00f3 la importancia que en lo relativo a crecimiento poblacional, representa el contar con los planes de desarrollo municipales y de centros de poblaci\u00f3n.<\/p>\n<p>Precis\u00f3 que en el trabajo por el crecimiento ordenado, todos los sectores deben imprimir su colaboraci\u00f3n correspondiente, a efecto de que los resultados sean de lo m\u00e1s completos.<\/p>\n<p>Respecto a la forma ideal para evitar crecimientos poblacionales desordenados y el deterioro ambiental, recomend\u00f3 trabajar en el reacomodo de asentamientos, as\u00ed como en programas de reforestaci\u00f3n, entre otras acciones de mejoramiento del entorno social.<\/p>\n<p>Acompa\u00f1ado por los titulares de varias dependencias estatales y municipales, el titular de la SUMA alert\u00f3 tambi\u00e9n sobre algunos fen\u00f3menos que ya est\u00e1n dejando consecuencias negativas en muchos pa\u00edses y la necesidad de prevenirlos, a efecto de evitar da\u00f1os en nuestros recursos.<\/p>\n<p>Al respecto, inform\u00f3 de las condiciones extremas que se derivan del cambio clim\u00e1tico y que significan una se\u00f1al de alerta que obliga a implementar acciones inmediatas.<\/p>\n<p>En otro tema, Ballesteros Figueroa recalc\u00f3 la obligaci\u00f3n de todos por ayudar para que nuestro estado mantenga el liderazgo en varios rubros, como en la producci\u00f3n de frutas y otros alimentos.<\/p>\n<p>Hizo notar la coordinaci\u00f3n que debe existir entre gobiernos e instituciones, por lo que resalt\u00f3 la disposici\u00f3n de la Secretar\u00eda de Urbanismo y Medio Ambiente en Michoac\u00e1n, para trabajar en las acciones se\u00f1aladas.<\/p>\n<p>En ese taller tambi\u00e9n hizo uso de la palabra el presidente del Consejo Estatal de Ecolog\u00eda (COEECO), Manuel de Jes\u00fas Tripp Rivera, para dar a conocer la coordinaci\u00f3n de esfuerzos que entre todos los \u00f3rdenes de gobierno y la sociedad civil, a fin de atender todas las necesidades ambientales de nuestro estado.<\/p>\n<p>&nbsp;<\/p>\n","protected":false},"excerpt":{"rendered":"<p>Es un trabajo no solamente de autoridades e instituciones, sino de la sociedad en general, el construir acciones que abonen al crecimiento ordenado de las ciudades en Michoac\u00e1n, para as\u00ed, evitar un desorden poblacional, manifest\u00f3 el secretario de Urbanismo y Medio Ambiente en la entidad, Mauro Ram\u00f3n Ballesteros Figueroa.   <\/p>\n","protected":false},"author":1,"featured_media":0,"comment_status":"open","ping_status":"open","sticky":false,"template":"","format":"standard","meta":{"footnotes":""},"categories":[14,3],"tags":[],"class_list":["post-2958","post","type-post","status-publish","format-standard","hentry","category-destacadas","category-gobierno-del-estado-de-michoacan"],"_links":{"self":[{"href":"https:\/\/radiowebmx.com\/nota\/wp-json\/wp\/v2\/posts\/2958","targetHints":{"allow":["GET"]}}],"collection":[{"href":"https:\/\/radiowebmx.com\/nota\/wp-json\/wp\/v2\/posts"}],"about":[{"href":"https:\/\/radiowebmx.com\/nota\/wp-json\/wp\/v2\/types\/post"}],"author":[{"embeddable":true,"href":"https:\/\/radiowebmx.com\/nota\/wp-json\/wp\/v2\/users\/1"}],"replies":[{"embeddable":true,"href":"https:\/\/radiowebmx.com\/nota\/wp-json\/wp\/v2\/comments?post=2958"}],"version-history":[{"count":1,"href":"https:\/\/radiowebmx.com\/nota\/wp-json\/wp\/v2\/posts\/2958\/revisions"}],"predecessor-version":[{"id":2960,"href":"https:\/\/radiowebmx.com\/nota\/wp-json\/wp\/v2\/posts\/2958\/revisions\/2960"}],"wp:attachment":[{"href":"https:\/\/radiowebmx.com\/nota\/wp-json\/wp\/v2\/media?parent=2958"}],"wp:term":[{"taxonomy":"category","embeddable":true,"href":"https:\/\/radiowebmx.com\/nota\/wp-json\/wp\/v2\/categories?post=2958"},{"taxonomy":"post_tag","embeddable":true,"href":"https:\/\/radiowebmx.com\/nota\/wp-json\/wp\/v2\/tags?post=2958"}],"curies":[{"name":"wp","href":"https:\/\/api.w.org\/{rel}","templated":true}]}}