{"id":2954,"date":"2013-06-18T10:58:34","date_gmt":"2013-06-18T15:58:34","guid":{"rendered":"https:\/\/radiowebmx.com\/nota\/?p=2954"},"modified":"2013-06-18T10:58:34","modified_gmt":"2013-06-18T15:58:34","slug":"reitera-jesus-reyna-compromiso-del-poder-ejecutivo-para-la-implementacion-del-nuevo-sistema-de-justicia-penal","status":"publish","type":"post","link":"https:\/\/radiowebmx.com\/nota\/reitera-jesus-reyna-compromiso-del-poder-ejecutivo-para-la-implementacion-del-nuevo-sistema-de-justicia-penal\/","title":{"rendered":"REITERA JES\u00daS REYNA COMPROMISO DEL PODER EJECUTIVO PARA LA IMPLEMENTACI\u00d3N DEL NUEVO SISTEMA DE JUSTICIA PENAL"},"content":{"rendered":"<p><a href=\"https:\/\/radiowebmx.com\/nota\/wp-content\/uploads\/2013\/06\/DSC_1975.jpg\"><img loading=\"lazy\" decoding=\"async\" class=\"alignleft size-full wp-image-2955\" alt=\"DSC_1975\" src=\"https:\/\/radiowebmx.com\/nota\/wp-content\/uploads\/2013\/06\/DSC_1975.jpg\" width=\"591\" height=\"240\" \/><\/a>El gobernador de Michoac\u00e1n Jes\u00fas Reyna Garc\u00eda, ratific\u00f3 su compromiso para establecer las bases que le corresponden al Poder Ejecutivo, en la aplicaci\u00f3n del Nuevo Sistema de Justicia Penal en nuestra entidad y as\u00ed, recalc\u00f3, estar en condiciones de responder a las peticiones de los michoacanos en materia de seguridad, tranquilidad y justicia.<\/p>\n<p>As\u00ed lo manifest\u00f3 en el marco de la trig\u00e9simo quinta sesi\u00f3n ordinaria del Consejo para el Nuevo Sistema de Justicia Penal, donde el mandatario estatal refiri\u00f3 que la actual administraci\u00f3n realizar\u00e1 las tareas que sean necesarias para que el nuevo sistema procesal penal acusatorio, adversarial y oral, sea una realidad en diversas partes de la entidad.<\/p>\n<p>En este sentido, asegur\u00f3 que este Consejo tendr\u00e1 todo el apoyo para llevarlo adelante y que en febrero de 2014, inicie su aplicaci\u00f3n en las zonas que se han dispuesto en el estado, \u201cpara llevar a la sociedad no solo la percepci\u00f3n, sino la seguridad de que estamos inaugurando una nueva etapa en la impartici\u00f3n de justicia para beneficio de todos\u201d.<\/p>\n<p>Durante la sesi\u00f3n que fue presidida por Mar\u00eda de los \u00c1ngeles Fromow Rangel, secretaria T\u00e9cnica del Consejo de Coordinaci\u00f3n para la Implementaci\u00f3n del Sistema de Justicia Penal (Setec), Reyna Garc\u00eda consider\u00f3 que es particularmente importante que el personal de las instituciones involucradas en la implementaci\u00f3n de este sistema, participen de una manera activa y efectiva,\u00a0 por lo que aprovech\u00f3 la presencia de los titulares de la Secretar\u00eda de Seguridad P\u00fablica estatal, Alberto Reyes Vaca y de la Procuradur\u00eda General de Justicia del estado, Pl\u00e1cido Torres Pineda, para exhortarles a poner el mayor de los esfuerzos.<\/p>\n<p>A su vez, Mar\u00eda de los \u00c1ngeles Fromow, asegur\u00f3 que a trav\u00e9s del Consejo Coordinador, dependiente de la Secretar\u00eda de Gobernaci\u00f3n federal, se conforma el nuevo Sistema de Justicia mediante el cual se busca dar un resultado claro a la sociedad, con transparencia y honestidad, donde v\u00edctimas e indiciados puedan ver respetados sus derechos humanos en igualdad de condiciones.<\/p>\n<p>Expuso que es necesario que juntos, federaci\u00f3n y estado, hagan frente a este reto y hagan todo lo necesario en la capacitaci\u00f3n de los elementos ministeriales, de la polic\u00eda y del personal del Poder Judicial, para que cada uno de ellos realice su tarea de acuerdo a la legislaci\u00f3n.<\/p>\n<p>Record\u00f3 que el Plan Nacional de Desarrollo, puesto en marcha por el presidente Enrique Pe\u00f1a Nieto, destaca la necesidad de implementar un C\u00f3digo \u00fanico de Procedimientos Penales, por lo que se trabaja de la mano con el Congreso local para aprobar las modificaciones conducentes.<\/p>\n<p>Asimismo anunci\u00f3 que se erogar\u00e1 inicialmente en Michoac\u00e1n un presupuesto de 13 millones 900 mil pesos para la implementaci\u00f3n del Nuevo Sistema y que se buscan financiamientos alternos para cumplir las metas y objetivos establecidos.<\/p>\n<p>Adem\u00e1s de que se presentar\u00e1 una campa\u00f1a de comunicaci\u00f3n transversal para que la ciudadan\u00eda conozca las ventajas del Nuevo Sistema y se trabajar\u00e1 con las autoridades de los Estados Unidos de Am\u00e9rica para que apoyen en determinadas acciones, temas y con recursos.<\/p>\n<p>En tanto que el presidente del Consejo para el Nuevo Sistema de Justicia Penal, y presidente del Supremo Tribunal de Justicia del estado, Juan Antonio Maga\u00f1a de la Mora, agradeci\u00f3 el inter\u00e9s del gobernador michoacano para con este tema, \u201csu visita nos anima a seguir esforz\u00e1ndonos y para que este desaf\u00edo culmine con \u00e9xito y sea una realidad\u201d.<\/p>\n<p>Confi\u00f3 en que el Nuevo Sistema permitir\u00e1 una mejora sustancial en los procedimientos de car\u00e1cter penal adem\u00e1s de que se podr\u00e1 trabajar con prontitud,\u00a0 eficiencia y eficacia.<\/p>\n<p>Cabe recordar que la implementaci\u00f3n comprende las acciones estrat\u00e9gicas indispensables entre las que destacan la selecci\u00f3n, capacitaci\u00f3n y certificaci\u00f3n de los operadores del Sistema (polic\u00edas, ministerios p\u00fablicos, investigadores, peritos, defensores p\u00fablicos y privados, jueces, mediadores, magistrados, personal de reinserci\u00f3n social, entre otros); el uso de nuevas tecnolog\u00edas, la construcci\u00f3n de espacios apropiados, la difusi\u00f3n, entre otras cuestiones.<\/p>\n","protected":false},"excerpt":{"rendered":"<p>El gobernador de Michoac\u00e1n Jes\u00fas Reyna Garc\u00eda, ratific\u00f3 su compromiso para establecer las bases que le corresponden al Poder Ejecutivo, en la aplicaci\u00f3n del Nuevo Sistema de Justicia Penal en nuestra entidad y as\u00ed, recalc\u00f3, estar en condiciones de responder a las peticiones de los michoacanos en materia de seguridad, tranquilidad y justicia.<\/p>\n","protected":false},"author":1,"featured_media":0,"comment_status":"open","ping_status":"open","sticky":false,"template":"","format":"standard","meta":{"footnotes":""},"categories":[14,3],"tags":[],"class_list":["post-2954","post","type-post","status-publish","format-standard","hentry","category-destacadas","category-gobierno-del-estado-de-michoacan"],"_links":{"self":[{"href":"https:\/\/radiowebmx.com\/nota\/wp-json\/wp\/v2\/posts\/2954","targetHints":{"allow":["GET"]}}],"collection":[{"href":"https:\/\/radiowebmx.com\/nota\/wp-json\/wp\/v2\/posts"}],"about":[{"href":"https:\/\/radiowebmx.com\/nota\/wp-json\/wp\/v2\/types\/post"}],"author":[{"embeddable":true,"href":"https:\/\/radiowebmx.com\/nota\/wp-json\/wp\/v2\/users\/1"}],"replies":[{"embeddable":true,"href":"https:\/\/radiowebmx.com\/nota\/wp-json\/wp\/v2\/comments?post=2954"}],"version-history":[{"count":2,"href":"https:\/\/radiowebmx.com\/nota\/wp-json\/wp\/v2\/posts\/2954\/revisions"}],"predecessor-version":[{"id":2957,"href":"https:\/\/radiowebmx.com\/nota\/wp-json\/wp\/v2\/posts\/2954\/revisions\/2957"}],"wp:attachment":[{"href":"https:\/\/radiowebmx.com\/nota\/wp-json\/wp\/v2\/media?parent=2954"}],"wp:term":[{"taxonomy":"category","embeddable":true,"href":"https:\/\/radiowebmx.com\/nota\/wp-json\/wp\/v2\/categories?post=2954"},{"taxonomy":"post_tag","embeddable":true,"href":"https:\/\/radiowebmx.com\/nota\/wp-json\/wp\/v2\/tags?post=2954"}],"curies":[{"name":"wp","href":"https:\/\/api.w.org\/{rel}","templated":true}]}}