{"id":2949,"date":"2013-06-18T10:24:00","date_gmt":"2013-06-18T15:24:00","guid":{"rendered":"https:\/\/radiowebmx.com\/nota\/?p=2949"},"modified":"2013-06-18T10:25:47","modified_gmt":"2013-06-18T15:25:47","slug":"alumnos-de-la-uiim-campus-otomi-mazahua-observan-rasgos-identitarios-y-organizacion-social-en-un-contexto-intercultural","status":"publish","type":"post","link":"https:\/\/radiowebmx.com\/nota\/alumnos-de-la-uiim-campus-otomi-mazahua-observan-rasgos-identitarios-y-organizacion-social-en-un-contexto-intercultural\/","title":{"rendered":"ALUMNOS DE LA UIIM, CAMPUS OTOM\u00cd-MAZAHUA, OBSERVAN RASGOS IDENTITARIOS Y ORGANIZACI\u00d3N SOCIAL EN UN CONTEXTO INTERCULTURAL"},"content":{"rendered":"<p><a href=\"https:\/\/radiowebmx.com\/nota\/wp-content\/uploads\/2013\/06\/DSC00174.jpg\"><img loading=\"lazy\" decoding=\"async\" class=\"alignleft size-full wp-image-2952\" alt=\"DSC00174\" src=\"https:\/\/radiowebmx.com\/nota\/wp-content\/uploads\/2013\/06\/DSC00174.jpg\" width=\"591\" height=\"312\" \/><\/a>Para reforzar el proceso de ense\u00f1anza-aprendizaje, alumnos de la Universidad Intercultural Ind\u00edgena de Michoac\u00e1n (UIIM), campus Otom\u00ed-Mazahua, realizaron un recorrido por dos comunidades del municipio, para observar en campo, \u00a0los rasgos identitarios y su relaci\u00f3n con el entorno natural y la organizaci\u00f3n social local en un contexto intercultural.<\/p>\n<p>&nbsp;<\/p>\n<p>Como parte del trabajo acad\u00e9mico, los alumnos del segundo semestre de la Licenciatura en Desarrollo Sustentable, participaron en las conferencias dictadas al aire libre en la comunidad ind\u00edgena de Francisco Serrato, a cargo del Dr. Luis P\u00e9rez Lugo, \u00a0profesor-investigador de la Universidad Aut\u00f3noma Chapingo, quien expuso sobre la \u201cTridimensi\u00f3n c\u00f3smica otom\u00ed\u201d.<\/p>\n<p>&nbsp;<\/p>\n<p>Posteriormente el se\u00f1or Francisco P\u00e1rada Esquivel, Fiscal de San Bartolom\u00e9 del Monte, habl\u00f3 sobre la importancia de un sitio paisaj\u00edstico, incorporado a la identidad de Francisco Serrato.<\/p>\n<p>&nbsp;<\/p>\n<p>Los alumnos del campus Otom\u00ed-Mazahua, tambi\u00e9n visitaron la zona arqueol\u00f3gica de San Felipe de los Alzati-Zirahuato de los Bernal.<\/p>\n<p>&nbsp;<\/p>\n<p>A decir de las coordinadoras del viaje, las profesoras Noelia Lazcano Hern\u00e1ndez y Janin Medrano Cruz, este recorrido tendr\u00e1 como resultado la realizaci\u00f3n de 13 mapas mentales, que contendr\u00e1n los temas que conforman el curso de Identidades Sociales, impartido como parte de las materias que conforman la licenciatura.<\/p>\n<p>&nbsp;<\/p>\n","protected":false},"excerpt":{"rendered":"<p>Para reforzar el proceso de ense\u00f1anza-aprendizaje, alumnos de la Universidad Intercultural Ind\u00edgena de Michoac\u00e1n (UIIM), campus Otom\u00ed-Mazahua, realizaron un recorrido por dos comunidades del municipio, para observar en campo,  los rasgos identitarios y su relaci\u00f3n con el entorno natural y la organizaci\u00f3n social local en un contexto intercultural.<\/p>\n","protected":false},"author":1,"featured_media":0,"comment_status":"open","ping_status":"open","sticky":false,"template":"","format":"standard","meta":{"footnotes":""},"categories":[14,3],"tags":[],"class_list":["post-2949","post","type-post","status-publish","format-standard","hentry","category-destacadas","category-gobierno-del-estado-de-michoacan"],"_links":{"self":[{"href":"https:\/\/radiowebmx.com\/nota\/wp-json\/wp\/v2\/posts\/2949","targetHints":{"allow":["GET"]}}],"collection":[{"href":"https:\/\/radiowebmx.com\/nota\/wp-json\/wp\/v2\/posts"}],"about":[{"href":"https:\/\/radiowebmx.com\/nota\/wp-json\/wp\/v2\/types\/post"}],"author":[{"embeddable":true,"href":"https:\/\/radiowebmx.com\/nota\/wp-json\/wp\/v2\/users\/1"}],"replies":[{"embeddable":true,"href":"https:\/\/radiowebmx.com\/nota\/wp-json\/wp\/v2\/comments?post=2949"}],"version-history":[{"count":3,"href":"https:\/\/radiowebmx.com\/nota\/wp-json\/wp\/v2\/posts\/2949\/revisions"}],"predecessor-version":[{"id":2951,"href":"https:\/\/radiowebmx.com\/nota\/wp-json\/wp\/v2\/posts\/2949\/revisions\/2951"}],"wp:attachment":[{"href":"https:\/\/radiowebmx.com\/nota\/wp-json\/wp\/v2\/media?parent=2949"}],"wp:term":[{"taxonomy":"category","embeddable":true,"href":"https:\/\/radiowebmx.com\/nota\/wp-json\/wp\/v2\/categories?post=2949"},{"taxonomy":"post_tag","embeddable":true,"href":"https:\/\/radiowebmx.com\/nota\/wp-json\/wp\/v2\/tags?post=2949"}],"curies":[{"name":"wp","href":"https:\/\/api.w.org\/{rel}","templated":true}]}}