{"id":29486,"date":"2017-01-05T11:29:10","date_gmt":"2017-01-05T17:29:10","guid":{"rendered":"https:\/\/radiowebmx.com\/nota\/?p=29486"},"modified":"2017-01-05T11:29:10","modified_gmt":"2017-01-05T17:29:10","slug":"temas-de-cafe-579","status":"publish","type":"post","link":"https:\/\/radiowebmx.com\/nota\/temas-de-cafe-579\/","title":{"rendered":"TEMAS DE CAF\u00c9"},"content":{"rendered":"<p>\u2022\t\u00bfCONTINUIDAD ECONOMICA O POLITICA?<br \/>\n\u2022\tMEADE, VIDEGARAY, OSORIO Y MANLIO<br \/>\n\u2022\t\u00bfASI EL ORDEN ES ANTICONSTITUCIONAL?<br \/>\n\u2022\tLA UMSNH DESPILFARRA LOS RECURSOS<br \/>\nPor Juan Manuel BELMONTE<br \/>\n\tCasi desde siempre los presidentes  en turno, cuando han tenido que tomar la gran decisi\u00f3n sobre su sucesor, toman en cuenta la continuidad econ\u00f3mica o bien la cuesti\u00f3n pol\u00edtica, y as\u00ed tenemos por ejemplo desde 1976 la gran decisi\u00f3n, ha sido por la continuidad econ\u00f3mica, pero en la actualidad no creemos que este vaya, a ser el factor determinante para decidir al candidato, porque el modelo econ\u00f3mico ha llegado a su  fin, ya no funciona m\u00e1s si no es con exageradas cargas impositivas, para los mexicanos precisamente por esto, si no se hace algo pronto la irritaci\u00f3n de una buena parte, de los mexicanos pueden hacer estallar el modelo mucho antes, y es que otra vez el presidente de M\u00e9xico Enrique Pe\u00f1a Nieto, act\u00faa con lentitud ante los graves problemas, como lo ha hecho en anteriores ocasiones, por ejemplo ayer en su mensaje no se refiri\u00f3, al problema que ha generado el incremento a las gasolinas, pero principalmente por el enojo, coraje de la gente en contra de  sus acciones.<br \/>\n\tMEADE, VIDEGARAY Y CONTRA OSORIO Y MANLIO<br \/>\n\tPase lo que pase el presidente de M\u00e9xico en los gobiernos priistas, ha sido el eje en el momento de pronunciar, las famosas Palabras Mayores a las cuales se refer\u00eda Luis Spota, en su libro editado en 1975 don de describe los pormenores de este proceso, porque ser\u00eda irresponsable que Pe\u00f1a Nieto, dejara esta responsabilidad en manos ajenas a la presidencia, porque para bien o para mal, el presidente se encuentra en el epicentro, de todo el movimiento sucesorio y conoce lo que se requiere, en el momento de tomar la gran decisi\u00f3n.<br \/>\n\tAs\u00ed tenemos que dentro de estas dos visiones, hay personajes que representan a los economistas que bien pudieran, ser necesarios en el caso de que se necesitara la continuidad, del modelo econ\u00f3mico en el pa\u00eds y por parte el modelo pol\u00edtico, est\u00e1n Miguel Angel Osorio Chong y Manlio Fabio Beltrones, quien como Luis Videgaray pueden regresar al escenario pol\u00edtico, en cualquier momento quien como usted sabe fue sacrificado, despu\u00e9s de las elecciones fallidas para el PRI en junio, cuando perdi\u00f3 gobiernos estatales ic\u00f3nicos como Veracruz y Chihuahua, as\u00ed se vuelven a enfrentar estos grupos por un lado los economistas, que la verdad no han hecho un buen papel, y el pol\u00edtico que tampoco ha brillado mucho.<br \/>\n\t   MIENTRAS TANTO ARDE MEXICOY NADIE HACE NADA<br \/>\n\tEsto es lo que se ha criticado mucho a la actual administraci\u00f3n que responde tarde,  es de reacci\u00f3n lenta hasta que la situaci\u00f3n se ha tornado incontrolable, as\u00ed sucedi\u00f3 en Ayotzinapa y los 43 estudiantes desaparecidos, se tom\u00f3 diez d\u00edas para reaccionar mientras tanto, estaba jugando golf en Ixtapan de la Sal ahora, con motivo  del incremento a las gasolinas, la energ\u00eda el\u00e9ctrica y el gas, el presidente estaba jugando golf en Mazatl\u00e1n, muy quitado de la pena mientras tanto la molestia ciudadana crece, por todo el pa\u00eds desde luego azuzada por los grupos de inter\u00e9s manifiesto.<br \/>\n\tPE\u00d1A NIETO OTRA VEZ REACCIONO TARDE<br \/>\n\tDesde temprano de ayer se dio a conocer que el presidente, Pe\u00f1a Nieto dar\u00eda un mensaje a la naci\u00f3n, a eso del mediod\u00eda y  hubo muchos comentarios al respecto, de que si dar\u00eda marcha atr\u00e1s, que enfrentar\u00eda el malestar nacional en cambio, modificando el precio de  las gasolinas pero ni siquiera,  coment\u00f3 el tema  se limit\u00f3 a dar a conocer el regreso de Luis Videgaray a Relaciones Exteriores, mientras que dijo que Claudio Ruiz Massieu hab\u00eda no renunciado.<br \/>\n Ya le hab\u00edamos comentado que se ir\u00eda de embajadora,  a Espa\u00f1a lo cual tal vez ser\u00eda un retiro dorado, despu\u00e9s de que ella no estuvo de acuerdo con que Luis Videgaray, invitara  a Donald Trump entonces candidato republicano, a la presidencia de los Estados Unidos, finalmente el candidato republicano gan\u00f3 las elecciones, en forma incre\u00edble lo cual reposicion\u00f3 a Luis, y dej\u00f3 descubierta a Claudia Ruiz quien mostr\u00f3 su descontento, ahora regresa Videgaray  con la finalidad de fortalecer los lazos, con la nueva administraci\u00f3n en el pa\u00eds del norte.<br \/>\n\tEL AJUSTE A LOS PRECIOS DOLOROSOS PERO NECESARIOS<br \/>\n\tEl presidente de M\u00e9xico dijo que el ajuste a los precios, de las gasolinas no hab\u00edan sido producto de la reforma energ\u00e9tica, ni de la reforma hacendaria sino de los precios internacionales del petr\u00f3leo, lo cual en parte es cierto pero no de todo, lo que realmente encarece las gasolinas es el IEPS nacional, estatal y ambiental en todo esto son m\u00e1s de cinco pesos, por eso hay grupos  de pol\u00edticos que ped\u00edan al Ejecutivo, que rebaje el IEPS a un cincuenta por ciento.<br \/>\n\tLo \u00fanico que dijo el presidente de M\u00e9xico era, que se ten\u00eda que hacer el ajuste porque era necesario, para fortalecer las arcas nacionales y que se castigar\u00eda, a quienes intenten aprovechar la situaci\u00f3n para incrementar los precios, de los diversos productos y servicios, mientras tanto las redes sociales siguen azuzando, a los ciudadanos a hacerse justicia por su propia mano. Veremos hasta d\u00f3nde se avanza en todo esto.<br \/>\n\tEN CRISIS LA UMNSH EN EL A\u00d1O DE SU CENTENARIO<br \/>\n\tEs sumamente lamentable lo que sucede actualmente, en la llamada Casa de Hidalgo todo porque han malentendido, para su beneficio la autonom\u00eda universitaria desde siempre, pensando que la autonom\u00eda les permit\u00eda hacer lo que les diera la gana, con lo presupuestos tanto nacional como estatal, y los pocos recursos propios que tiene, por eso siempre se negaron a dar parte de los recursos p\u00fablicos, derrocharon, malgastaron y nunca aceptaron una reforma org\u00e1nica,  donde fueran obligados a participar en los fondos, para las pensiones jubilaciones.<br \/>\n\tLE REDUJERON EL PRESUPUESTO PARA ESTE A\u00d1O<br \/>\n\tEl rector Medardo Serena que no cuenta con la simpat\u00eda,  de los integrantes de los sindicatos de profesores, ni de los empleados durante su rectorado no ha hecho nada, para lograr incrementar los recursos, prometi\u00f3 una reforma a la ley org\u00e1nica y no ha cumplido, porque no ha logrado convencer a los sindicatos, de aportar recursos para sus fondos de pensiones y jubilaciones, ya que la tercera parte del presupuesto anual, se va en  este rubro de  pensiones y jubilaciones de esta manera, como va el ritmo de las pensiones y jubilaciones, pronto ser\u00e1 la mitad del presupuesto en este ramo.<br \/>\n\tAparte ya le hemos comentado que la Federaci\u00f3n, no aporta ni un cinco para las casas del estudiante,  ni para las escuelas preparatorias por lo cual ser\u00eda l\u00f3gico, que desaparecieran tanto las escuelas preparatorias, ya que no tienen raz\u00f3n de estar en la Universidad Michoacana, y se reglamentaran los albergues estudiantiles porque de seguir as\u00ed, la Universidad Michoacana seguir\u00e1 como un pozo sin fondo, por eso es necesario que le pongan orden, mientras  tanto el presupuesto le ha sido restringido hasta que no aporte algo para la reforma org\u00e1nica universitaria. Ped\u00edan tres mil 400 millones y les dieron 2 mil 555.<br \/>\n\tPRI, PAN, VERDE Y PES POR ABOLIR EL ABORTO EN CDMX<br \/>\n\tAhora que la Ciudad de M\u00e9xico deber\u00e1 tener su propia Constituci\u00f3n, tanto el PRI como el PAN, Verde y el PES presionan, para que se reforme el art\u00edculo11 de dicha Constituci\u00f3n, para que en lugar de garantizar el derecho a la autodeterminaci\u00f3n, y al libre desarrollo de la personalidad de los ciudadanos, ordene que se garantice el derecho a la vida desde el mismo momento de su concepci\u00f3n, se debe recordar que en el ex DF desde el a\u00f1o 2007, se permite el aborto hasta la semana doce de la concepci\u00f3n.<br \/>\n\t\u00bfEL ORDEN ENTONCES ES ANTICONSTITUCIONAL?<br \/>\nAlguno sectores de la sociedad principalmente defensores, de los derechos humanos y partidos de izquierda, se han opuesto a que se reglamenten la marchas y manifestaciones, argumentan que no es necesario porque ya se encuentran, las limitantes en las leyes en vigor pero argumentan que es el Estado, quien tiene la culpa porque no solucionan los problemas y necesidades, de la gente por ello se ven en la necesidad de manifestarse, y nadie se los impide.<br \/>\nSolamente que tambi\u00e9n se deben respetar, los derechos de terceros por eso creemos que lo \u00fanico que se busca, es poner orden en estas manifestaciones, nada m\u00e1s ni nada menos porque nadie les quiere violar sus derechos, que tienen de manifestaci\u00f3n solamente lo que  busca es poner orden y ya.   <\/p>\n","protected":false},"excerpt":{"rendered":"<p>\u2022\t\u00bfCONTINUIDAD ECONOMICA O POLITICA? \u2022\tMEADE, VIDEGARAY, OSORIO Y MANLIO \u2022\t\u00bfASI EL ORDEN ES ANTICONSTITUCIONAL? \u2022\tLA UMSNH DESPILFARRA LOS RECURSOS<\/p>\n","protected":false},"author":1,"featured_media":0,"comment_status":"open","ping_status":"open","sticky":false,"template":"","format":"standard","meta":{"footnotes":""},"categories":[4,10],"tags":[],"class_list":["post-29486","post","type-post","status-publish","format-standard","hentry","category-columnistas","category-juan-manuel-belmonte"],"_links":{"self":[{"href":"https:\/\/radiowebmx.com\/nota\/wp-json\/wp\/v2\/posts\/29486","targetHints":{"allow":["GET"]}}],"collection":[{"href":"https:\/\/radiowebmx.com\/nota\/wp-json\/wp\/v2\/posts"}],"about":[{"href":"https:\/\/radiowebmx.com\/nota\/wp-json\/wp\/v2\/types\/post"}],"author":[{"embeddable":true,"href":"https:\/\/radiowebmx.com\/nota\/wp-json\/wp\/v2\/users\/1"}],"replies":[{"embeddable":true,"href":"https:\/\/radiowebmx.com\/nota\/wp-json\/wp\/v2\/comments?post=29486"}],"version-history":[{"count":1,"href":"https:\/\/radiowebmx.com\/nota\/wp-json\/wp\/v2\/posts\/29486\/revisions"}],"predecessor-version":[{"id":29487,"href":"https:\/\/radiowebmx.com\/nota\/wp-json\/wp\/v2\/posts\/29486\/revisions\/29487"}],"wp:attachment":[{"href":"https:\/\/radiowebmx.com\/nota\/wp-json\/wp\/v2\/media?parent=29486"}],"wp:term":[{"taxonomy":"category","embeddable":true,"href":"https:\/\/radiowebmx.com\/nota\/wp-json\/wp\/v2\/categories?post=29486"},{"taxonomy":"post_tag","embeddable":true,"href":"https:\/\/radiowebmx.com\/nota\/wp-json\/wp\/v2\/tags?post=29486"}],"curies":[{"name":"wp","href":"https:\/\/api.w.org\/{rel}","templated":true}]}}