{"id":2941,"date":"2013-06-18T10:10:05","date_gmt":"2013-06-18T15:10:05","guid":{"rendered":"https:\/\/radiowebmx.com\/nota\/?p=2941"},"modified":"2013-06-18T10:10:36","modified_gmt":"2013-06-18T15:10:36","slug":"se-reune-titular-de-la-sedatu-con-alcaldes-del-noroeste-de-michoacan","status":"publish","type":"post","link":"https:\/\/radiowebmx.com\/nota\/se-reune-titular-de-la-sedatu-con-alcaldes-del-noroeste-de-michoacan\/","title":{"rendered":"SE RE\u00daNE TITULAR DE LA SEDATU CON ALCALDES DEL NOROESTE DE MICHOAC\u00c1N"},"content":{"rendered":"<p><a href=\"https:\/\/radiowebmx.com\/nota\/wp-content\/uploads\/2013\/06\/DSC_4713.jpg\"><img loading=\"lazy\" decoding=\"async\" class=\"alignleft size-full wp-image-2942\" alt=\"DSC_4713\" src=\"https:\/\/radiowebmx.com\/nota\/wp-content\/uploads\/2013\/06\/DSC_4713.jpg\" width=\"591\" height=\"223\" \/><\/a>El secretario de Desarrollo Agrario, Territorial y Urbano federal (SEDATU), Jorge Carlos Ram\u00edrez Mar\u00edn, se reuni\u00f3 con alcaldes del cuarto distrito ubicado al noroeste de Michoac\u00e1n, para escuchar directamente sus necesidades y propuestas en diversos \u00e1mbitos, al tiempo que reiter\u00f3 la convicci\u00f3n de la federaci\u00f3n de apoyar al gobierno del estado.<\/p>\n<p>En la reuni\u00f3n en que estuvo acompa\u00f1ado del jefe de la oficina adjunta al despacho del gobernador, Guillermo Guzm\u00e1n Fuentes; el vocal Ejecutivo del Centro Estatal para el Desarrollo Municipal (Cedemun), Jaime Mares Camarena y Octavio Aparicio Mendoza, titular de la Coordinaci\u00f3n de Planeaci\u00f3n para el Desarrollo en la entidad (Cplade), Ram\u00edrez Mar\u00edn escuch\u00f3 a cada uno de los mun\u00edcipes exponer sus prioridades, entre las que destacaron impulsar la agroindustria y modernizar las v\u00edas de comunicaci\u00f3n de dicha regi\u00f3n.<\/p>\n<p>Guillermo Guzm\u00e1n Fuentes, a nombre del gobernador Jes\u00fas Reyna Garc\u00eda, agradeci\u00f3 al secretario Jorge Carlos Ram\u00edrez su compromiso y disposici\u00f3n para concretar cambios que favorezcan a los michoacanos.<\/p>\n<p>En tanto que los responsables de Cedemun y Cplade, Jaime Mares y Octavio Aparicio, respectivamente, coincidieron en se\u00f1alar que la presencia del secretario de SEDATU, permite que haya una interlocuci\u00f3n ante otras instancias del gobierno federal para juntos, los diferentes \u00f3rdenes de gobierno, resolver las necesidades m\u00e1s apremiantes de la entidad.<\/p>\n<p>En su intervenci\u00f3n y en lo que fue su octava gira de trabajo en la entidad, el enlace del gobierno de la Rep\u00fablica con Michoac\u00e1n, resalt\u00f3 que el presidente de M\u00e9xico Enrique Pe\u00f1a Nieto, le instruy\u00f3 a mantener contacto permanente y ayudar al gobierno estatal.<\/p>\n<p>\u201cSi no actu\u00e1ramos juntos ser\u00eda imposible enfrentar las necesidades que ustedes han expresado aqu\u00ed. No es un secreto cu\u00e1l es la situaci\u00f3n econ\u00f3mica de la entidad, la Federaci\u00f3n la entiende perfectamente y por eso estamos comprometidos a ayudar\u201d, destac\u00f3.<\/p>\n<p>El titular de la Secretar\u00eda de la Desarrollo Agrario, Territorial y Urbano, asegur\u00f3 a los presidentes municipales de Venustiano Carranza, Villamar, Pajacuar\u00e1n, Cojumatl\u00e1n de R\u00e9gules, Tangamandapio, Chavinda, Sahuayo, Cotija, Marcos Castellanos, Jacona y Ting\u00fcind\u00edn, as\u00ed como del representante de la alcald\u00eda de Brise\u00f1as, que sus expedientes llegar\u00e1n directamente a la mesa de los distintos secretarios del gobierno de la Rep\u00fablica.<\/p>\n<p>Dijo que los intereses presentados por los mun\u00edcipes en la reuni\u00f3n gestionada por el diputado federal por el IV distrito en Michoac\u00e1n, Salvador Romero Valencia, recaen en la competencia de la SEDATU y de las secretar\u00edas de Agricultura, Salud, Comunicaciones y Transportes, Econom\u00eda, Educaci\u00f3n, entre otras.<\/p>\n<p>\u201cLos temas de regularizaci\u00f3n de tierras y de vivienda les ofrezco atenderlos inmediatamente, porque ya estamos concretando un convenio para la realizaci\u00f3n de vivienda con el gobierno del estado\u201d, adelant\u00f3.<\/p>\n<p>El titular de la SEDATU confirm\u00f3 que las pr\u00f3ximas reuniones de trabajo con todos los alcaldes de Michoac\u00e1n, permitir\u00e1n concretar las tareas que s\u00ed se puedan llevar a cabo en cada uno de los municipios con el aval del gobierno estatal.<\/p>\n","protected":false},"excerpt":{"rendered":"<p>El secretario de Desarrollo Agrario, Territorial y Urbano federal (SEDATU), Jorge Carlos Ram\u00edrez Mar\u00edn, se reuni\u00f3 con alcaldes del cuarto distrito ubicado al noroeste de Michoac\u00e1n, para escuchar directamente sus necesidades y propuestas en diversos \u00e1mbitos, al tiempo que reiter\u00f3 la convicci\u00f3n de la federaci\u00f3n de apoyar al gobierno del estado.<\/p>\n","protected":false},"author":1,"featured_media":0,"comment_status":"open","ping_status":"open","sticky":false,"template":"","format":"standard","meta":{"footnotes":""},"categories":[14,3],"tags":[],"class_list":["post-2941","post","type-post","status-publish","format-standard","hentry","category-destacadas","category-gobierno-del-estado-de-michoacan"],"_links":{"self":[{"href":"https:\/\/radiowebmx.com\/nota\/wp-json\/wp\/v2\/posts\/2941","targetHints":{"allow":["GET"]}}],"collection":[{"href":"https:\/\/radiowebmx.com\/nota\/wp-json\/wp\/v2\/posts"}],"about":[{"href":"https:\/\/radiowebmx.com\/nota\/wp-json\/wp\/v2\/types\/post"}],"author":[{"embeddable":true,"href":"https:\/\/radiowebmx.com\/nota\/wp-json\/wp\/v2\/users\/1"}],"replies":[{"embeddable":true,"href":"https:\/\/radiowebmx.com\/nota\/wp-json\/wp\/v2\/comments?post=2941"}],"version-history":[{"count":2,"href":"https:\/\/radiowebmx.com\/nota\/wp-json\/wp\/v2\/posts\/2941\/revisions"}],"predecessor-version":[{"id":2944,"href":"https:\/\/radiowebmx.com\/nota\/wp-json\/wp\/v2\/posts\/2941\/revisions\/2944"}],"wp:attachment":[{"href":"https:\/\/radiowebmx.com\/nota\/wp-json\/wp\/v2\/media?parent=2941"}],"wp:term":[{"taxonomy":"category","embeddable":true,"href":"https:\/\/radiowebmx.com\/nota\/wp-json\/wp\/v2\/categories?post=2941"},{"taxonomy":"post_tag","embeddable":true,"href":"https:\/\/radiowebmx.com\/nota\/wp-json\/wp\/v2\/tags?post=2941"}],"curies":[{"name":"wp","href":"https:\/\/api.w.org\/{rel}","templated":true}]}}